{"id":6097,"date":"2020-03-21T21:16:32","date_gmt":"2020-03-21T19:16:32","guid":{"rendered":"https:\/\/www.blazejstrba.eu\/?p=6097"},"modified":"2020-03-22T11:19:24","modified_gmt":"2020-03-22T09:19:24","slug":"vykrik-lekara-z-lombardie","status":"publish","type":"post","link":"https:\/\/blazejstrba.eu\/it\/vykrik-lekara-z-lombardie\/","title":{"rendered":"V\u00fdkrik lek\u00e1ra z Lombardie"},"content":{"rendered":"\n<h4 class=\"wp-block-heading\">O&nbsp;v\u00edruse, smrti a&nbsp;o&nbsp;Bohu<\/h4>\n\n\n\n<p>Nasleduj\u00face svedectvo poch\u00e1dza od 38-ro\u010dn\u00e9ho lek\u00e1ra z&nbsp;Lombardie, Juliana Urbana. <\/p>\n\n\n\n<div class=\"wp-block-image\"><figure class=\"alignleft size-thumbnail\"><img loading=\"lazy\" decoding=\"async\" width=\"150\" height=\"150\" src=\"https:\/\/www.blazejstrba.eu\/wp-content\/uploads\/Coronavirus-Image-600x360-1-150x150.jpg\" alt=\"\" class=\"wp-image-6098\"\/><figcaption>Covid D19<\/figcaption><\/figure><\/div>\n\n\n\n<p>\u201eNikdy som si ani v t\u00fdch najtemnej\u0161\u00edch no\u010dn\u00fdch mor\u00e1ch nepredstavoval, \u017ee by som mohol vidie\u0165 a za\u017ei\u0165, \u010do sa tu v na\u0161ej nemocnici deje po\u010das t\u00fdchto troch t\u00fd\u017ed\u0148ov. No\u010dn\u00e1 mora neprest\u00e1va, pr\u00edliv sa zv\u00e4\u010d\u0161uje a zv\u00e4\u010d\u0161uje. Na za\u010diatku bolo nieko\u013eko, potom desiatky, potom stovky a teraz u\u017e nie sme ani viac lek\u00e1ri, ale stali sme sa triedi\u010dmi na p\u00e1se a rozhodujeme, kto by mal zosta\u0165 \u017ei\u0165 a koho by sa malo posla\u0165 zomrie\u0165 domov, aj ke\u010f v\u0161etci t\u00edto \u013eudia platili talianske dane po\u010das cel\u00e9ho svojho \u017eivota.<\/p>\n\n\n\n<p class=\"has-text-align-left\">A\u017e do posledn\u00fdch dvoch t\u00fd\u017ed\u0148ov ja a&nbsp;moji kolegovia sme boli ateisti; \u010do je s\u010dasti norm\u00e1lne, preto\u017ee sme lek\u00e1ri a&nbsp;nau\u010dili sme sa, \u017ee veda vylu\u010duje pr\u00edtomnos\u0165 Boha. V\u017edy som sa smial mojim rodi\u010dom, ktor\u00ed chodievali do kostola.<\/p>\n\n\n\n<!--nextpage-->\n\n\n\n<div class=\"wp-block-image\"><figure class=\"alignright size-thumbnail\"><img loading=\"lazy\" decoding=\"async\" width=\"150\" height=\"150\" src=\"https:\/\/www.blazejstrba.eu\/wp-content\/uploads\/AMCI-150x150.jpg\" alt=\"\" class=\"wp-image-6100\"\/><\/figure><\/div>\n\n\n\n<p class=\"has-text-align-left\">Pred deviatimi d\u0148ami k n\u00e1m pri\u0161iel 75-ro\u010dn\u00fd pastor. Bol to l\u00e1skav\u00fd mu\u017e, mal v\u00e1\u017ene d\u00fdchacie \u0165a\u017ekosti, ale mal so sebou Bibliu a&nbsp;zap\u00f4sobil na n\u00e1s t\u00fdm, \u017ee z nej pred\u010d\u00edtal zomieraj\u00facim a dr\u017eal ich za ruku.<br>V\u0161etci doktori sme boli unaven\u00ed, znechuten\u00ed, psychicky a fyzicky vy\u010derpan\u00ed, ke\u010f sa naskytla pr\u00edle\u017eitos\u0165 po\u010d\u00fava\u0165 ho. Teraz mus\u00edme prizna\u0165: my ako \u013eudia sme dosiahli svoje limity, viac u\u017e nem\u00f4\u017eeme urobi\u0165 a pritom ka\u017ed\u00fd de\u0148 zomrie viac a viac \u013eud\u00ed. Sme celkom vy\u010derpan\u00ed, m\u00e1me dvoch kolegov, ktor\u00ed umreli a in\u00ed boli nakazen\u00ed. <br>Uvedomili sme si, \u017ee tam, kde kon\u010d\u00ed to, \u010do \u010dlovek m\u00f4\u017ee urobi\u0165, m\u00e1me zrazu ve\u013ek\u00fa potrebu a za\u010dali sme od neho \u017eiada\u0165 pomoc, kedyko\u013evek sa n\u00e1m naskytlo p\u00e1r vo\u013en\u00fdch min\u00fat. Rozpr\u00e1vame sa medzi sebou a nem\u00f4\u017eeme uveri\u0165, \u017ee napriek tomu, \u017ee sme zaryt\u00ed ateisti, teraz ka\u017ed\u00fd de\u0148 h\u013ead\u00e1me pokoj a \u017eiadame P\u00e1na, aby n\u00e1m pomohol vytrva\u0165, aby sme sa mohli stara\u0165 o chor\u00fdch. V\u010dera zomrel 75-ro\u010dn\u00fd pastor; a napriek tomu, \u017ee a\u017e dodnes sme tu za tri t\u00fd\u017edne mali viac ako 120 \u00famrt\u00ed a&nbsp;\u017ee sme boli v\u0161etci vy\u010derpan\u00ed, zni\u010den\u00ed, on n\u00e1m dok\u00e1zal, napriek jeho stavu a na\u0161im probl\u00e9mom, prinies\u0165 POKOJ, v ktor\u00fd sme u\u017e ani ned\u00fafali.<br> <br>Pastor odi\u0161iel k P\u00e1novi a \u010doskoro ho budeme nasledova\u0165, ak to bude takto pokra\u010dova\u0165.<br> <br>Nebol som doma u\u017e 6 dn\u00ed, neviem, kedy som naposledy jedol, a uvedomujem si svoju neu\u017eito\u010dnos\u0165 na tejto zemi a chcem venova\u0165 aj m\u00f4j posledn\u00fd dych pomoci ostatn\u00fdm. Som \u0161\u0165astn\u00fd, \u017ee som sa vr\u00e1til k&nbsp;Bohu a&nbsp;i ke\u010f som obklopen\u00fd utrpen\u00edm a smr\u0165ou mne podobn\u00fdch.\u201c<\/p>\n\n\n\n<p class=\"has-text-align-right\">Svedectvo spracoval Gianni Giardinelli&nbsp;<\/p>\n\n\n\n<p>Publikovan\u00e9 20. 3. 2020 na facebooku a&nbsp;21. 3. 2020 na https:\/\/www.marcotosatti.com\/2020\/03\/21\/il-grido-di-un-medico-in-lombardia-sul-virus-la-morte-e-dio\/.<\/p>\n\n\n\n<h4 class=\"wp-block-heading\">Postscriptum<\/h4>\n\n\n\n<p>\u010ci vy\u0161\u0161ie uveden\u00e1 spr\u00e1va je fake &#8211; falzifik\u00e1t (o historickej skuto\u010dnosti faktu), \u017eia\u013e, nie som v stave pos\u00fadi\u0165. Podobne by som v\u0161ak mohol spochybni\u0165 napr. aj <em><strong>posolstvo<\/strong><\/em> Knihy proroka Jon\u00e1\u0161a, ak by som ho postavil na (historickej) pravde-nepravde o tom, \u010di by v\u00f4bec ve\u013ek\u00e1 ryba mohla Jon\u00e1\u0161a zhltn\u00fa\u0165 a po troch d\u0148och vyvrhn\u00fa\u0165, alebo nie; alebo \u010di by v\u00f4bec pr\u00edkaz ninivsk\u00e9ho kr\u00e1\u013ea sp\u00f4sobil obr\u00e1tenie v\u0161etk\u00fdch \u013eud\u00ed aj zvierat, alebo nie, at\u010f. A ak Jon\u00e1\u0161a ryba nezhlta alebo ak kr\u00e1\u013ea neuposl\u00fachli zvierat\u00e1, tak potom by bolo celkov\u00e9 posolstvo Jon\u00e1\u0161ovej knihy falzifik\u00e1t? Podobne, ak vy\u0161\u0161ie uveden\u00e1 spr\u00e1va by mala by\u0165 falzifik\u00e1tom (a mo\u017eno sa to m\u00f4\u017ee zda\u0165 aj kv\u00f4li \u00famyselnej z\u00e1mene mien os\u00f4b, s oh\u013eadom na mo\u017en\u00e9 d\u00f4sledky pre niektor\u00fdch pre\u017eiv\u0161\u00edch z pr\u00edbehu), mo\u017eno predsa len v\u0161ak odzrkad\u013euje v\u00e1\u017enos\u0165 situ\u00e1cie o epid\u00e9mii a najm\u00e4 v\u00e1\u017enos\u0165 a <em><strong>pravdu<\/strong><\/em> o tom, ako s t\u00fdm musia konkr\u00e9tni \u013eudia z\u00e1pasi\u0165 a pr\u00edpadne sa vysporiada\u0165 s boles\u0165ou \u010di nekompromisnou smr\u0165ou. Nech by spr\u00e1va aj nebola pravdiv\u00e1, udalosti \u017eivota s\u00fa toho iba mal\u00fdmi indik\u00e1tormi. V\u00fdzva na obr\u00e1tenie k Bohu je st\u00e1le pravdiv\u00e1 [aktualizovan\u00e9 9.50h, 22. 3. 2020].<\/p>\n\n\n\n<p><em>T\u00fdm, \u010do miluj\u00fa Boha, v\u0161etko sl\u00fa\u017ei na dobr\u00e9.<\/em> (sv. Pavol, Rim 8,28)<\/p>\n","protected":false},"excerpt":{"rendered":"<p>O&nbsp;v\u00edruse, smrti a&nbsp;o&nbsp;Bohu Nasleduj\u00face svedectvo poch\u00e1dza od 38-ro\u010dn\u00e9ho lek\u00e1ra z&nbsp;Lombardie, Juliana Urbana. \u201eNikdy som si ani v t\u00fdch najtemnej\u0161\u00edch no\u010dn\u00fdch mor\u00e1ch nepredstavoval, \u017ee by som mohol vidie\u0165 a za\u017ei\u0165, \u010do sa tu v na\u0161ej nemocnici deje po\u010das t\u00fdchto troch t\u00fd\u017ed\u0148ov. No\u010dn\u00e1 mora neprest\u00e1va, pr\u00edliv sa zv\u00e4\u010d\u0161uje a zv\u00e4\u010d\u0161uje. Na za\u010diatku bolo nieko\u013eko, potom desiatky, potom &hellip; <a href=\"https:\/\/blazejstrba.eu\/it\/vykrik-lekara-z-lombardie\/\" class=\"more-link\">Continue reading <span class=\"screen-reader-text\">V\u00fdkrik lek\u00e1ra z Lombardie<\/span> <span class=\"meta-nav\">&rarr;<\/span><\/a><\/p>\n","protected":false},"author":2,"featured_media":0,"comment_status":"closed","ping_status":"open","sticky":false,"template":"","format":"standard","meta":{"footnotes":""},"categories":[28],"tags":[],"translation":{"provider":"WPGlobus","version":"3.0.0","language":"it","enabled_languages":["sk","en","it"],"languages":{"sk":{"title":true,"content":true,"excerpt":false},"en":{"title":false,"content":false,"excerpt":false},"it":{"title":false,"content":false,"excerpt":false}}},"_links":{"self":[{"href":"https:\/\/blazejstrba.eu\/it\/wp-json\/wp\/v2\/posts\/6097"}],"collection":[{"href":"https:\/\/blazejstrba.eu\/it\/wp-json\/wp\/v2\/posts"}],"about":[{"href":"https:\/\/blazejstrba.eu\/it\/wp-json\/wp\/v2\/types\/post"}],"author":[{"embeddable":true,"href":"https:\/\/blazejstrba.eu\/it\/wp-json\/wp\/v2\/users\/2"}],"replies":[{"embeddable":true,"href":"https:\/\/blazejstrba.eu\/it\/wp-json\/wp\/v2\/comments?post=6097"}],"version-history":[{"count":15,"href":"https:\/\/blazejstrba.eu\/it\/wp-json\/wp\/v2\/posts\/6097\/revisions"}],"predecessor-version":[{"id":6122,"href":"https:\/\/blazejstrba.eu\/it\/wp-json\/wp\/v2\/posts\/6097\/revisions\/6122"}],"wp:attachment":[{"href":"https:\/\/blazejstrba.eu\/it\/wp-json\/wp\/v2\/media?parent=6097"}],"wp:term":[{"taxonomy":"category","embeddable":true,"href":"https:\/\/blazejstrba.eu\/it\/wp-json\/wp\/v2\/categories?post=6097"},{"taxonomy":"post_tag","embeddable":true,"href":"https:\/\/blazejstrba.eu\/it\/wp-json\/wp\/v2\/tags?post=6097"}],"curies":[{"name":"wp","href":"https:\/\/api.w.org\/{rel}","templated":true}]}}