{"id":4393,"date":"2016-06-10T06:45:48","date_gmt":"2016-06-10T04:45:48","guid":{"rendered":"http:\/\/www.blazejstrba.eu\/?p=4393"},"modified":"2016-06-13T09:00:16","modified_gmt":"2016-06-13T07:00:16","slug":"promocie-v-badine","status":"publish","type":"post","link":"https:\/\/blazejstrba.eu\/it\/promocie-v-badine\/","title":{"rendered":"Prom\u00f3cie v Bad\u00edne"},"content":{"rendered":"<figure id=\"attachment_4395\" aria-describedby=\"caption-attachment-4395\" style=\"width: 150px\" class=\"wp-caption alignleft\"><a href=\"http:\/\/www.blazejstrba.eu\/promocie-v-badine\/160608-promocie-badin-2016-m\/\" rel=\"attachment wp-att-4395\"><img loading=\"lazy\" decoding=\"async\" class=\"wp-image-4395 size-thumbnail\" src=\"http:\/\/www.blazejstrba.eu\/wp-content\/uploads\/160608-Promocie-Badin-2016-m-150x150.jpg\" alt=\"160608-Promocie Badin 2016-m\" width=\"150\" height=\"150\" \/><\/a><figcaption id=\"caption-attachment-4395\" class=\"wp-caption-text\">Magistri teol\u00f3gie, Bad\u00edn 2016, z\u013eava: fr. OScar J. Va\u013eko, M. Juhaniak, fr. Rafael M. Tresa, fr. Alan J. Dely, J. Ondru\u0161, fr. Bernard J. Meli\u0161, T. \u0160ving\u00e1l a M. V\u00e1lka.<\/figcaption><\/figure>\n<p>V stredu 8. j\u00fana 2016, alebo 2. sivana 5776 pod\u013ea \u017eidovsk\u00e9ho kalend\u00e1ra alebo 2. ramadana 1437 isl\u00e1mskeho kalend\u00e1ra (hid\u017era) sa na p\u00f4de K\u0148azsk\u00e9ho semin\u00e1ra sv. Franti\u0161ka Xaversk\u00e9ho v Banskej Bystrici uskuto\u010dnilo sl\u00e1vnostn\u00e9 ukon\u010denie akademick\u00e9ho roka. Po Eucharistickej sl\u00e1vnosti s po\u010fakovan\u00edm Te Deum v kostole K\u0148azsk\u00e9ho semin\u00e1ra nasledovali vo Ve\u013ekej aule sl\u00e1vnostn\u00e9 prom\u00f3cie absolventov 6-ro\u010dn\u00e9ho (denn\u00e9ho) a 5 ro\u010dn\u00e9ho (extern\u00e9ho) magistersk\u00e9ho \u0161t\u00fadia katol\u00edckej teol\u00f3gie na tunaj\u0161om Teologickom in\u0161tit\u00fate R\u00edmskokatol\u00edckej cyrilometodskej bohosloveckej fakulty Univerzity Komensk\u00e9ho. Za nov\u00fdch magistrov teol\u00f3gie sa <a href=\"http:\/\/www.blazejstrba.eu\/?file_id=254\">po\u010fakoval RNDR J\u00e1n Alan Dely OP<\/a>.<\/p>\n","protected":false},"excerpt":{"rendered":"<p>V stredu 8. j\u00fana 2016, alebo 2. sivana 5776 pod\u013ea \u017eidovsk\u00e9ho kalend\u00e1ra alebo 2. ramadana 1437 isl\u00e1mskeho kalend\u00e1ra (hid\u017era) sa na p\u00f4de K\u0148azsk\u00e9ho semin\u00e1ra sv. Franti\u0161ka Xaversk\u00e9ho v Banskej Bystrici uskuto\u010dnilo sl\u00e1vnostn\u00e9 ukon\u010denie akademick\u00e9ho roka. Po Eucharistickej sl\u00e1vnosti s po\u010fakovan\u00edm Te Deum v kostole K\u0148azsk\u00e9ho semin\u00e1ra nasledovali vo Ve\u013ekej aule sl\u00e1vnostn\u00e9 prom\u00f3cie absolventov 6-ro\u010dn\u00e9ho (denn\u00e9ho) &hellip; <a href=\"https:\/\/blazejstrba.eu\/it\/promocie-v-badine\/\" class=\"more-link\">Continue reading <span class=\"screen-reader-text\">Prom\u00f3cie v Bad\u00edne<\/span> <span class=\"meta-nav\">&rarr;<\/span><\/a><\/p>\n","protected":false},"author":2,"featured_media":0,"comment_status":"closed","ping_status":"open","sticky":false,"template":"","format":"standard","meta":{"footnotes":""},"categories":[5],"tags":[],"translation":{"provider":"WPGlobus","version":"3.0.0","language":"it","enabled_languages":["sk","en","it"],"languages":{"sk":{"title":true,"content":true,"excerpt":false},"en":{"title":false,"content":false,"excerpt":false},"it":{"title":false,"content":false,"excerpt":false}}},"_links":{"self":[{"href":"https:\/\/blazejstrba.eu\/it\/wp-json\/wp\/v2\/posts\/4393"}],"collection":[{"href":"https:\/\/blazejstrba.eu\/it\/wp-json\/wp\/v2\/posts"}],"about":[{"href":"https:\/\/blazejstrba.eu\/it\/wp-json\/wp\/v2\/types\/post"}],"author":[{"embeddable":true,"href":"https:\/\/blazejstrba.eu\/it\/wp-json\/wp\/v2\/users\/2"}],"replies":[{"embeddable":true,"href":"https:\/\/blazejstrba.eu\/it\/wp-json\/wp\/v2\/comments?post=4393"}],"version-history":[{"count":7,"href":"https:\/\/blazejstrba.eu\/it\/wp-json\/wp\/v2\/posts\/4393\/revisions"}],"predecessor-version":[{"id":4405,"href":"https:\/\/blazejstrba.eu\/it\/wp-json\/wp\/v2\/posts\/4393\/revisions\/4405"}],"wp:attachment":[{"href":"https:\/\/blazejstrba.eu\/it\/wp-json\/wp\/v2\/media?parent=4393"}],"wp:term":[{"taxonomy":"category","embeddable":true,"href":"https:\/\/blazejstrba.eu\/it\/wp-json\/wp\/v2\/categories?post=4393"},{"taxonomy":"post_tag","embeddable":true,"href":"https:\/\/blazejstrba.eu\/it\/wp-json\/wp\/v2\/tags?post=4393"}],"curies":[{"name":"wp","href":"https:\/\/api.w.org\/{rel}","templated":true}]}}