{"id":4369,"date":"2016-05-05T15:14:53","date_gmt":"2016-05-05T13:14:53","guid":{"rendered":"http:\/\/www.blazejstrba.eu\/?p=4369"},"modified":"2016-05-05T15:15:23","modified_gmt":"2016-05-05T13:15:23","slug":"vycestovali-za-biblicko-archeologickou-expoziciou","status":"publish","type":"post","link":"https:\/\/blazejstrba.eu\/it\/vycestovali-za-biblicko-archeologickou-expoziciou\/","title":{"rendered":"Vycestovali za biblicko-archeologickou expoz\u00edciou"},"content":{"rendered":"<figure id=\"attachment_4370\" aria-describedby=\"caption-attachment-4370\" style=\"width: 150px\" class=\"wp-caption alignleft\"><a href=\"http:\/\/www.blazejstrba.eu\/vycestovali-za-biblicko-archeologickou-expoziciou\/prov-vuk-a-studenti\/\" rel=\"attachment wp-att-4370\"><img loading=\"lazy\" decoding=\"async\" class=\"size-thumbnail wp-image-4370\" src=\"http:\/\/www.blazejstrba.eu\/wp-content\/uploads\/Prov.-Vuk-a-s\u030ctudenti-150x150.jpg\" alt=\"V m\u00fazeu v Cerniku\" width=\"150\" height=\"150\" \/><\/a><figcaption id=\"caption-attachment-4370\" class=\"wp-caption-text\">Prof. T. Vuk a \u0161tudenti pri expon\u00e1toch<\/figcaption><\/figure>\n<p>Bad\u00ednski \u0161tudenti teol\u00f3gie vycestovali za biblicko-archeologick\u00fdmi poznatkami do Chorv\u00e1tska. Ojedinel\u00fa Biblicko-archeologick\u00fa expoz\u00edciu v\u00a0chorv\u00e1tskom Cerniku nav\u0161t\u00edvili v\u00a0d\u0148och 29. a\u017e 30. apr\u00edla 2016 prv\u00e1ci z K\u0148azsk\u00e9ho semin\u00e1ra sv. Franti\u0161ka Xaversk\u00e9ho v\u00a0Bad\u00edne. Na exkurzii ich sprev\u00e1dzal vyu\u010duj\u00faci <!--more-->biblista na Teologickom in\u0161tit\u00fate v\u00a0Bad\u00edne Bla\u017eej \u0160trba a tlmo\u010dn\u00ed\u010dka Anita Murga\u0161ov\u00e1.<\/p>\n<p>St\u00e1la expoz\u00edcia sa nach\u00e1dza v priestoroch ve\u013ekolep\u00e9ho franti\u0161k\u00e1nskeho kl\u00e1\u0161tora v\u00a0obci Cernik, pri meste Nova Gradi\u0161ka, v\u00a0zn\u00e1mom historickom regi\u00f3ne Slav\u00f3nska. Biblicko-archeologick\u00e1 muze\u00e1lna expoz\u00edcia\u00a0vznikla predov\u0161etk\u00fdm v\u010faka chorv\u00e1tskemu franti\u0161k\u00e1novi Tomislavovi Vukovi, profesorovi na Fakulte biblick\u00fdch vied a archeol\u00f3gie v\u00a0Jeruzaleme (Studium Biblicum Franciscanum). P\u00e1ter Vuk pracoval d\u00f4sledne viac ako desa\u0165 rokov na realiz\u00e1cii tejto expoz\u00edcie s\u00a0cie\u013eom prezentova\u0165 dejinno-kult\u00farne pozadie vzniku a\u00a0\u0161\u00edrenia Biblie, zbieran\u00edm cenn\u00fdch artefaktov. V\u00fdstavu spr\u00edstupnili v\u00a0roku 2005. Odborn\u00e1 verejnos\u0165 tu m\u00e1 k\u00a0dispoz\u00edcii historicko-archeologick\u00fa \u010das\u0165, ktor\u00e1 dokumentuje historick\u00fd \u017eivot n\u00e1rodov, v\u010faka ktor\u00fdm Biblia vznikla. V\u00a0biblickej \u010dasti n\u00e1v\u0161tevn\u00edk n\u00e1jde v\u00fdtla\u010dky v\u0161etk\u00fdch v\u00e1\u017enej\u0161\u00edch biblick\u00fdch k\u00f3dexov, rukopis zvitku Ester, ale aj s\u00fahrn hist\u00f3rie biblick\u00fdch textov v\u00a0hlaholike a\u00a0v chorv\u00e1tskom jazyku. Expoz\u00edcia\u00a0obsahuje mnoho zauj\u00edmav\u00fdch a\u00a0vz\u00e1cnych expon\u00e1tov.<\/p>\n<p>Prv\u00fa slovensk\u00fa skupinu \u0161tudentov po\u010das n\u00e1v\u0161tevy biblicko-archeologickej expoz\u00edcie sprev\u00e1dzal jej zakladate\u013e, orientalista Tomislav Vuk. Z\u00a0Jeruzalema vycestoval v\u00a0\u00fastrety slovensk\u00fdm \u0161tudentom \u201ev\u010faka dobr\u00fdm vz\u0165ahom medzi slovenskou cirkvou a\u00a0franti\u0161k\u00e1nskou Kust\u00f3diou Sv\u00e4tej zeme,\u201c ubezpe\u010dil v\u00a0pozdravnom liste Slovenskej skupine vik\u00e1r Kust\u00f3die Sv\u00e4tej zeme P. Dobromir Jasztal OFM.<\/p>\n<p>N\u00e1v\u0161tevu m\u00fazea slovensk\u00ed \u0161tudenti teol\u00f3gie uskuto\u010dnili v\u00a0r\u00e1mci fakultn\u00e9ho predmetu Biblick\u00e1 archeol\u00f3gia a\u00a0z\u00e1rove\u0148 ako ro\u010dn\u00edkov\u00fd v\u00fdlet, \u010d\u00edm spojili pr\u00edjemn\u00e9 s\u00a0u\u017eito\u010dn\u00fdm. Okrem m\u00fazea cestou nav\u0161t\u00edvili aj Katedr\u00e1lu sv. Petra v\u00a0chorv\u00e1tskom \u0110akove a\u00a0miesto jednej z\u00a0brut\u00e1lnych stredovek\u00fdch bitiek pri ma\u010farskom Moh\u00e1\u010di.<\/p>\n<p style=\"text-align: right;\">Peter V\u00fdboh<\/p>\n","protected":false},"excerpt":{"rendered":"<p>Bad\u00ednski \u0161tudenti teol\u00f3gie vycestovali za biblicko-archeologick\u00fdmi poznatkami do Chorv\u00e1tska. Ojedinel\u00fa Biblicko-archeologick\u00fa expoz\u00edciu v\u00a0chorv\u00e1tskom Cerniku nav\u0161t\u00edvili v\u00a0d\u0148och 29. a\u017e 30. apr\u00edla 2016 prv\u00e1ci z K\u0148azsk\u00e9ho semin\u00e1ra sv. Franti\u0161ka Xaversk\u00e9ho v\u00a0Bad\u00edne. Na exkurzii ich sprev\u00e1dzal vyu\u010duj\u00faci<\/p>\n","protected":false},"author":2,"featured_media":0,"comment_status":"closed","ping_status":"open","sticky":false,"template":"","format":"standard","meta":{"footnotes":""},"categories":[5,11,12],"tags":[],"translation":{"provider":"WPGlobus","version":"3.0.0","language":"it","enabled_languages":["sk","en","it"],"languages":{"sk":{"title":true,"content":true,"excerpt":false},"en":{"title":false,"content":false,"excerpt":false},"it":{"title":false,"content":false,"excerpt":false}}},"_links":{"self":[{"href":"https:\/\/blazejstrba.eu\/it\/wp-json\/wp\/v2\/posts\/4369"}],"collection":[{"href":"https:\/\/blazejstrba.eu\/it\/wp-json\/wp\/v2\/posts"}],"about":[{"href":"https:\/\/blazejstrba.eu\/it\/wp-json\/wp\/v2\/types\/post"}],"author":[{"embeddable":true,"href":"https:\/\/blazejstrba.eu\/it\/wp-json\/wp\/v2\/users\/2"}],"replies":[{"embeddable":true,"href":"https:\/\/blazejstrba.eu\/it\/wp-json\/wp\/v2\/comments?post=4369"}],"version-history":[{"count":3,"href":"https:\/\/blazejstrba.eu\/it\/wp-json\/wp\/v2\/posts\/4369\/revisions"}],"predecessor-version":[{"id":4373,"href":"https:\/\/blazejstrba.eu\/it\/wp-json\/wp\/v2\/posts\/4369\/revisions\/4373"}],"wp:attachment":[{"href":"https:\/\/blazejstrba.eu\/it\/wp-json\/wp\/v2\/media?parent=4369"}],"wp:term":[{"taxonomy":"category","embeddable":true,"href":"https:\/\/blazejstrba.eu\/it\/wp-json\/wp\/v2\/categories?post=4369"},{"taxonomy":"post_tag","embeddable":true,"href":"https:\/\/blazejstrba.eu\/it\/wp-json\/wp\/v2\/tags?post=4369"}],"curies":[{"name":"wp","href":"https:\/\/api.w.org\/{rel}","templated":true}]}}