{"id":3922,"date":"2017-06-01T06:25:14","date_gmt":"2017-06-01T04:25:14","guid":{"rendered":"http:\/\/www.blazejstrba.eu\/?p=3922"},"modified":"2017-06-04T06:41:28","modified_gmt":"2017-06-04T04:41:28","slug":"zhasnutie-paskalu","status":"publish","type":"post","link":"https:\/\/blazejstrba.eu\/it\/zhasnutie-paskalu\/","title":{"rendered":"Zhasnutie pa\u0161k\u00e1lu"},"content":{"rendered":"<figure id=\"attachment_3923\" aria-describedby=\"caption-attachment-3923\" style=\"width: 150px\" class=\"wp-caption alignleft\"><a href=\"http:\/\/www.blazejstrba.eu\/wp-content\/uploads\/CERO.jpg\"><img loading=\"lazy\" decoding=\"async\" class=\"wp-image-3923 size-thumbnail\" src=\"http:\/\/www.blazejstrba.eu\/wp-content\/uploads\/CERO-150x150.jpg\" alt=\"\" width=\"150\" height=\"150\" \/><\/a><figcaption id=\"caption-attachment-3923\" class=\"wp-caption-text\">Pa\u0161k\u00e1l<\/figcaption><\/figure>\n<p>V Taliansku sa na konci ve\u013ekono\u010dn\u00e9ho obdobia, v nede\u013eu Zoslania Ducha Sv\u00e4t\u00e9ho, v r\u00e1mci liturgie venuje mimoriadna pozornos\u0165 <a href=\"http:\/\/cantatedominocanticum.blogspot.sk\/2012\/05\/spegnimento-del-cero-pasquale.html\"><strong>zhasnutiu Ve\u013ekono\u010dnej sviece<\/strong><\/a> &#8211; pa\u0161k\u00e1lu. <strong><a href=\"http:\/\/www.blazejstrba.eu\/download\/zhasnutie\/#\">Pracovn\u00fd preklad (tu)<\/a> <\/strong>tohto obradu sved\u010d\u00ed o zmysluplnom a povzbudzuj\u00facom momente v liturgickom kontexte.<\/p>\n<p>Symbolick\u00e9 zn\u00e1zornenie <a href=\"http:\/\/www.blazejstrba.eu\/?file_id=191\" target=\"_blank\" rel=\"noopener noreferrer\">darov Ducha Sv\u00e4t\u00e9ho<\/a> &#8211; so z\u00e1kladn\u00fdm darom b\u00e1zne pred P\u00e1nom.<\/p>\n","protected":false},"excerpt":{"rendered":"<p>V Taliansku sa na konci ve\u013ekono\u010dn\u00e9ho obdobia, v nede\u013eu Zoslania Ducha Sv\u00e4t\u00e9ho, v r\u00e1mci liturgie venuje mimoriadna pozornos\u0165 zhasnutiu Ve\u013ekono\u010dnej sviece &#8211; pa\u0161k\u00e1lu. Pracovn\u00fd preklad (tu) tohto obradu sved\u010d\u00ed o zmysluplnom a povzbudzuj\u00facom momente v liturgickom kontexte. Symbolick\u00e9 zn\u00e1zornenie darov Ducha Sv\u00e4t\u00e9ho &#8211; so z\u00e1kladn\u00fdm darom b\u00e1zne pred P\u00e1nom.<\/p>\n","protected":false},"author":2,"featured_media":0,"comment_status":"closed","ping_status":"open","sticky":false,"template":"","format":"standard","meta":{"footnotes":""},"categories":[5],"tags":[],"translation":{"provider":"WPGlobus","version":"3.0.0","language":"it","enabled_languages":["sk","en","it"],"languages":{"sk":{"title":true,"content":true,"excerpt":false},"en":{"title":false,"content":false,"excerpt":false},"it":{"title":false,"content":false,"excerpt":false}}},"_links":{"self":[{"href":"https:\/\/blazejstrba.eu\/it\/wp-json\/wp\/v2\/posts\/3922"}],"collection":[{"href":"https:\/\/blazejstrba.eu\/it\/wp-json\/wp\/v2\/posts"}],"about":[{"href":"https:\/\/blazejstrba.eu\/it\/wp-json\/wp\/v2\/types\/post"}],"author":[{"embeddable":true,"href":"https:\/\/blazejstrba.eu\/it\/wp-json\/wp\/v2\/users\/2"}],"replies":[{"embeddable":true,"href":"https:\/\/blazejstrba.eu\/it\/wp-json\/wp\/v2\/comments?post=3922"}],"version-history":[{"count":7,"href":"https:\/\/blazejstrba.eu\/it\/wp-json\/wp\/v2\/posts\/3922\/revisions"}],"predecessor-version":[{"id":5245,"href":"https:\/\/blazejstrba.eu\/it\/wp-json\/wp\/v2\/posts\/3922\/revisions\/5245"}],"wp:attachment":[{"href":"https:\/\/blazejstrba.eu\/it\/wp-json\/wp\/v2\/media?parent=3922"}],"wp:term":[{"taxonomy":"category","embeddable":true,"href":"https:\/\/blazejstrba.eu\/it\/wp-json\/wp\/v2\/categories?post=3922"},{"taxonomy":"post_tag","embeddable":true,"href":"https:\/\/blazejstrba.eu\/it\/wp-json\/wp\/v2\/tags?post=3922"}],"curies":[{"name":"wp","href":"https:\/\/api.w.org\/{rel}","templated":true}]}}