{"id":3362,"date":"2014-02-16T10:26:03","date_gmt":"2014-02-16T08:26:03","guid":{"rendered":"http:\/\/www.blazejstrba.eu\/?p=3362"},"modified":"2014-02-16T10:33:41","modified_gmt":"2014-02-16T08:33:41","slug":"sbf-v-jeruzaleme","status":"publish","type":"post","link":"https:\/\/blazejstrba.eu\/it\/sbf-v-jeruzaleme\/","title":{"rendered":"SBF v Jeruzaleme"},"content":{"rendered":"<p><a href=\"http:\/\/www.blazejstrba.eu\/wp-content\/uploads\/SBF-sunset.jpg\"><img loading=\"lazy\" decoding=\"async\" class=\"alignleft size-thumbnail wp-image-3363\" alt=\"SBF-sunset\" src=\"http:\/\/www.blazejstrba.eu\/wp-content\/uploads\/SBF-sunset-150x150.jpg\" width=\"150\" height=\"150\" \/><\/a><strong>Studium biblicum franciscanum<\/strong> (SBF) je biblick\u00fd in\u0161tit\u00fat v Jeruzaleme, ktor\u00fd zalo\u017eili v roku 1923 bratia franti\u0161k\u00e1ni a sl\u00fa\u017eil spo\u010diatku na spozn\u00e1vanie Sv\u00e4t\u00e9ho p\u00edsma pre samotn\u00fdch franti\u0161k\u00e1nov. V roku 2001 ho Sv\u00e4t\u00e1 stolica pov\u00fd\u0161ila na Fakultu biblick\u00fdch vied a archeol\u00f3gie, ktor\u00e1 je s\u00fa\u010das\u0165ou P\u00e1pe\u017eskej univerzity Antonianum v R\u00edme a sl\u00fa\u017ei ako vedeck\u00e1 ustanovize\u0148, ktor\u00e1 vyu\u010duje a formuje zv\u00e4\u010d\u0161a bud\u00facich u\u010dite\u013eov Biblie. Kr\u00e1tka <a href=\"http:\/\/www.sbf.custodia.org\/default.asp?id=433\">video charakteristika<\/a> je na web str\u00e1nke www.sbf.custodia.org.<\/p>\n<p>Rozvrh hod\u00edn <a href=\"http:\/\/www.sbf.custodia.org\/detail.asp?c=1&amp;p=0&amp;id=2462\">2. semestra 2013\/2014<\/a> a <a href=\"http:\/\/www.sbf.custodia.org\/detail.asp?c=1&amp;p=0&amp;id=753\">rozvrh<\/a> a popis <a href=\"http:\/\/www.sbf.custodia.org\/detail.asp?c=1&amp;p=0&amp;id=754\">predmetov a \u0161t\u00fadia na rok 2013\/2014<\/a>.<\/p>\n","protected":false},"excerpt":{"rendered":"<p>Studium biblicum franciscanum (SBF) je biblick\u00fd in\u0161tit\u00fat v Jeruzaleme, ktor\u00fd zalo\u017eili v roku 1923 bratia franti\u0161k\u00e1ni a sl\u00fa\u017eil spo\u010diatku na spozn\u00e1vanie Sv\u00e4t\u00e9ho p\u00edsma pre samotn\u00fdch franti\u0161k\u00e1nov. V roku 2001 ho Sv\u00e4t\u00e1 stolica pov\u00fd\u0161ila na Fakultu biblick\u00fdch vied a archeol\u00f3gie, ktor\u00e1 je s\u00fa\u010das\u0165ou P\u00e1pe\u017eskej univerzity Antonianum v R\u00edme a sl\u00fa\u017ei ako vedeck\u00e1 ustanovize\u0148, ktor\u00e1 vyu\u010duje a &hellip; <a href=\"https:\/\/blazejstrba.eu\/it\/sbf-v-jeruzaleme\/\" class=\"more-link\">Continue reading <span class=\"screen-reader-text\">SBF v Jeruzaleme<\/span> <span class=\"meta-nav\">&rarr;<\/span><\/a><\/p>\n","protected":false},"author":2,"featured_media":0,"comment_status":"closed","ping_status":"open","sticky":false,"template":"","format":"standard","meta":{"footnotes":""},"categories":[5],"tags":[],"translation":{"provider":"WPGlobus","version":"3.0.0","language":"it","enabled_languages":["sk","en","it"],"languages":{"sk":{"title":true,"content":true,"excerpt":false},"en":{"title":false,"content":false,"excerpt":false},"it":{"title":false,"content":false,"excerpt":false}}},"_links":{"self":[{"href":"https:\/\/blazejstrba.eu\/it\/wp-json\/wp\/v2\/posts\/3362"}],"collection":[{"href":"https:\/\/blazejstrba.eu\/it\/wp-json\/wp\/v2\/posts"}],"about":[{"href":"https:\/\/blazejstrba.eu\/it\/wp-json\/wp\/v2\/types\/post"}],"author":[{"embeddable":true,"href":"https:\/\/blazejstrba.eu\/it\/wp-json\/wp\/v2\/users\/2"}],"replies":[{"embeddable":true,"href":"https:\/\/blazejstrba.eu\/it\/wp-json\/wp\/v2\/comments?post=3362"}],"version-history":[{"count":3,"href":"https:\/\/blazejstrba.eu\/it\/wp-json\/wp\/v2\/posts\/3362\/revisions"}],"predecessor-version":[{"id":3366,"href":"https:\/\/blazejstrba.eu\/it\/wp-json\/wp\/v2\/posts\/3362\/revisions\/3366"}],"wp:attachment":[{"href":"https:\/\/blazejstrba.eu\/it\/wp-json\/wp\/v2\/media?parent=3362"}],"wp:term":[{"taxonomy":"category","embeddable":true,"href":"https:\/\/blazejstrba.eu\/it\/wp-json\/wp\/v2\/categories?post=3362"},{"taxonomy":"post_tag","embeddable":true,"href":"https:\/\/blazejstrba.eu\/it\/wp-json\/wp\/v2\/tags?post=3362"}],"curies":[{"name":"wp","href":"https:\/\/api.w.org\/{rel}","templated":true}]}}