{"id":3270,"date":"2013-09-25T21:30:17","date_gmt":"2013-09-25T19:30:17","guid":{"rendered":"http:\/\/www.blazejstrba.eu\/?p=3270"},"modified":"2013-09-25T18:48:25","modified_gmt":"2013-09-25T16:48:25","slug":"celozivotne-vzdelavanie-univerzity-tretieho-veku","status":"publish","type":"post","link":"https:\/\/blazejstrba.eu\/it\/celozivotne-vzdelavanie-univerzity-tretieho-veku\/","title":{"rendered":"Celo\u017eivotn\u00e9 vzdel\u00e1vanie univerzity tretieho veku"},"content":{"rendered":"<p>Teologick\u00fd in\u0161tit\u00fat RKCMBF UK v Bratislave, pri K\u0148azskom semin\u00e1ri sv. Franti\u0161ka Xaversk\u00e9ho v Bad\u00edne, otv\u00e1ra v akademickom roku 2013\/2014 pre druh\u00fd ro\u010dn\u00edk \u0161tudijn\u00e9ho programu <strong>Biblia<\/strong>. Predn\u00e1\u0161ky v tomto \u0161tudijnom programe bud\u00fa v nasleduj\u00face soboty: <strong>28.9., 5.10., 12.10., 26.10, 16.11., 23.11. a 30.11<\/strong>.<\/p>\n<p>Program a t\u00e9my v <a href=\"http:\/\/www.blazejstrba.eu\/wp-content\/uploads\/UTV-BIBLIA-2.roc\u030c-13-14-page-0011.jpg\">nasleduj\u00facej tabu\u013eke<\/a>:<!--more--><\/p>\n<p style=\"text-align: center;\"><a href=\"http:\/\/www.blazejstrba.eu\/wp-content\/uploads\/UTV-BIBLIA-2.roc\u030c-13-14-page-0011.jpg\"><img loading=\"lazy\" decoding=\"async\" class=\"aligncenter  wp-image-3272\" alt=\"Rozvrh predn\u00e1\u0161ok - Biblia\" src=\"http:\/\/www.blazejstrba.eu\/wp-content\/uploads\/UTV-BIBLIA-2.roc\u030c-13-14-page-0011.jpg\" width=\"446\" height=\"631\" srcset=\"https:\/\/blazejstrba.eu\/wp-content\/uploads\/UTV-BIBLIA-2.roc\u030c-13-14-page-0011.jpg 1240w, https:\/\/blazejstrba.eu\/wp-content\/uploads\/UTV-BIBLIA-2.roc\u030c-13-14-page-0011-212x300.jpg 212w, https:\/\/blazejstrba.eu\/wp-content\/uploads\/UTV-BIBLIA-2.roc\u030c-13-14-page-0011-723x1024.jpg 723w\" sizes=\"(max-width: 446px) 100vw, 446px\" \/><\/a><\/p>\n","protected":false},"excerpt":{"rendered":"<p>Teologick\u00fd in\u0161tit\u00fat RKCMBF UK v Bratislave, pri K\u0148azskom semin\u00e1ri sv. Franti\u0161ka Xaversk\u00e9ho v Bad\u00edne, otv\u00e1ra v akademickom roku 2013\/2014 pre druh\u00fd ro\u010dn\u00edk \u0161tudijn\u00e9ho programu Biblia. Predn\u00e1\u0161ky v tomto \u0161tudijnom programe bud\u00fa v nasleduj\u00face soboty: 28.9., 5.10., 12.10., 26.10, 16.11., 23.11. a 30.11. Program a t\u00e9my v nasleduj\u00facej tabu\u013eke:<\/p>\n","protected":false},"author":2,"featured_media":0,"comment_status":"closed","ping_status":"open","sticky":false,"template":"","format":"standard","meta":{"footnotes":""},"categories":[5],"tags":[],"translation":{"provider":"WPGlobus","version":"3.0.0","language":"it","enabled_languages":["sk","en","it"],"languages":{"sk":{"title":true,"content":true,"excerpt":false},"en":{"title":false,"content":false,"excerpt":false},"it":{"title":false,"content":false,"excerpt":false}}},"_links":{"self":[{"href":"https:\/\/blazejstrba.eu\/it\/wp-json\/wp\/v2\/posts\/3270"}],"collection":[{"href":"https:\/\/blazejstrba.eu\/it\/wp-json\/wp\/v2\/posts"}],"about":[{"href":"https:\/\/blazejstrba.eu\/it\/wp-json\/wp\/v2\/types\/post"}],"author":[{"embeddable":true,"href":"https:\/\/blazejstrba.eu\/it\/wp-json\/wp\/v2\/users\/2"}],"replies":[{"embeddable":true,"href":"https:\/\/blazejstrba.eu\/it\/wp-json\/wp\/v2\/comments?post=3270"}],"version-history":[{"count":3,"href":"https:\/\/blazejstrba.eu\/it\/wp-json\/wp\/v2\/posts\/3270\/revisions"}],"predecessor-version":[{"id":3275,"href":"https:\/\/blazejstrba.eu\/it\/wp-json\/wp\/v2\/posts\/3270\/revisions\/3275"}],"wp:attachment":[{"href":"https:\/\/blazejstrba.eu\/it\/wp-json\/wp\/v2\/media?parent=3270"}],"wp:term":[{"taxonomy":"category","embeddable":true,"href":"https:\/\/blazejstrba.eu\/it\/wp-json\/wp\/v2\/categories?post=3270"},{"taxonomy":"post_tag","embeddable":true,"href":"https:\/\/blazejstrba.eu\/it\/wp-json\/wp\/v2\/tags?post=3270"}],"curies":[{"name":"wp","href":"https:\/\/api.w.org\/{rel}","templated":true}]}}