{"id":2899,"date":"2013-03-11T09:09:42","date_gmt":"2013-03-11T07:09:42","guid":{"rendered":"http:\/\/www.blazejstrba.eu\/?p=2899"},"modified":"2017-02-01T11:44:56","modified_gmt":"2017-02-01T09:44:56","slug":"otec-sa-vratil-k-domov-k-otcovi","status":"publish","type":"post","link":"https:\/\/blazejstrba.eu\/it\/otec-sa-vratil-k-domov-k-otcovi\/","title":{"rendered":"N\u00e1\u0161 otec Dominik sa vr\u00e1til k domov k Otcovi"},"content":{"rendered":"<figure id=\"attachment_2900\" aria-describedby=\"caption-attachment-2900\" style=\"width: 124px\" class=\"wp-caption alignleft\"><a href=\"http:\/\/www.blazejstrba.eu\/wp-content\/uploads\/zmrtvychvstal\u00fd.png\"><img loading=\"lazy\" decoding=\"async\" class=\" wp-image-2900 \" title=\"Zm\u0155tvychvstal\u00fd Je\u017ei\u0161 Kristus\" src=\"http:\/\/www.blazejstrba.eu\/wp-content\/uploads\/zmrtvychvstal\u00fd.png\" alt=\"\" width=\"124\" height=\"194\" srcset=\"https:\/\/blazejstrba.eu\/wp-content\/uploads\/zmrtvychvstal\u00fd.png 476w, https:\/\/blazejstrba.eu\/wp-content\/uploads\/zmrtvychvstal\u00fd-191x300.png 191w\" sizes=\"(max-width: 124px) 100vw, 124px\" \/><\/a><figcaption id=\"caption-attachment-2900\" class=\"wp-caption-text\">Zm\u0155tvychvstal\u00fd<\/figcaption><\/figure>\n<p><strong><em>P\u00e1n zni\u010d\u00ed smr\u009d\u0165 nav\u017edy a zotrie slzu z ka\u017edej tv\u00e1re.<\/em><\/strong><\/p>\n<p>(pod\u013ea Iz 25,8)<\/p>\n<p>Rozl\u00fa\u010dka s na\u0161im otcom Dominikom sa za\u010dne v utorok 12.3.2013 vo Farskom kostole Narodenia Panny M\u00e1rie v Novej Bani o 14.00 hod.<\/p>\n<p><a href=\"http:\/\/www.blazejstrba.eu\/download\/parte-dominik-strba\/\">Parte\u00a0<\/a><strong>\u2020 Dominik \u0160trba<\/strong><\/p>\n<p><a href=\"http:\/\/www.blazejstrba.eu\/download\/podakovanie-a-pozvanka-na-kar\/\">Po\u010fakovanie otcovi i pozv\u00e1nka <\/a>na kar 12.3.2013<\/p>\n","protected":false},"excerpt":{"rendered":"<p>P\u00e1n zni\u010d\u00ed smr\u009d\u0165 nav\u017edy a zotrie slzu z ka\u017edej tv\u00e1re. (pod\u013ea Iz 25,8) Rozl\u00fa\u010dka s na\u0161im otcom Dominikom sa za\u010dne v utorok 12.3.2013 vo Farskom kostole Narodenia Panny M\u00e1rie v Novej Bani o 14.00 hod. Parte\u00a0\u2020 Dominik \u0160trba Po\u010fakovanie otcovi i pozv\u00e1nka na kar 12.3.2013<\/p>\n","protected":false},"author":2,"featured_media":0,"comment_status":"closed","ping_status":"open","sticky":false,"template":"","format":"standard","meta":{"footnotes":""},"categories":[5],"tags":[],"translation":{"provider":"WPGlobus","version":"3.0.0","language":"it","enabled_languages":["sk","en","it"],"languages":{"sk":{"title":true,"content":true,"excerpt":false},"en":{"title":false,"content":false,"excerpt":false},"it":{"title":false,"content":false,"excerpt":false}}},"_links":{"self":[{"href":"https:\/\/blazejstrba.eu\/it\/wp-json\/wp\/v2\/posts\/2899"}],"collection":[{"href":"https:\/\/blazejstrba.eu\/it\/wp-json\/wp\/v2\/posts"}],"about":[{"href":"https:\/\/blazejstrba.eu\/it\/wp-json\/wp\/v2\/types\/post"}],"author":[{"embeddable":true,"href":"https:\/\/blazejstrba.eu\/it\/wp-json\/wp\/v2\/users\/2"}],"replies":[{"embeddable":true,"href":"https:\/\/blazejstrba.eu\/it\/wp-json\/wp\/v2\/comments?post=2899"}],"version-history":[{"count":19,"href":"https:\/\/blazejstrba.eu\/it\/wp-json\/wp\/v2\/posts\/2899\/revisions"}],"predecessor-version":[{"id":4928,"href":"https:\/\/blazejstrba.eu\/it\/wp-json\/wp\/v2\/posts\/2899\/revisions\/4928"}],"wp:attachment":[{"href":"https:\/\/blazejstrba.eu\/it\/wp-json\/wp\/v2\/media?parent=2899"}],"wp:term":[{"taxonomy":"category","embeddable":true,"href":"https:\/\/blazejstrba.eu\/it\/wp-json\/wp\/v2\/categories?post=2899"},{"taxonomy":"post_tag","embeddable":true,"href":"https:\/\/blazejstrba.eu\/it\/wp-json\/wp\/v2\/tags?post=2899"}],"curies":[{"name":"wp","href":"https:\/\/api.w.org\/{rel}","templated":true}]}}