{"id":2830,"date":"2013-02-21T09:05:17","date_gmt":"2013-02-21T07:05:17","guid":{"rendered":"http:\/\/www.blazejstrba.eu\/?p=2830"},"modified":"2013-04-08T22:34:52","modified_gmt":"2013-04-08T20:34:52","slug":"o-jednom-bohu","status":"publish","type":"post","link":"https:\/\/blazejstrba.eu\/it\/o-jednom-bohu\/","title":{"rendered":"O jednom Bohu a o viacn\u00e1sobnom prekl\u00ednan\u00ed"},"content":{"rendered":"<figure id=\"attachment_2831\" aria-describedby=\"caption-attachment-2831\" style=\"width: 150px\" class=\"wp-caption alignleft\"><a href=\"http:\/\/www.blazejstrba.eu\/2830\/olympus-digital-camera-4\/\" rel=\"attachment wp-att-2831\"><img loading=\"lazy\" decoding=\"async\" class=\"size-thumbnail wp-image-2831\" alt=\"...plody jeho pr\u00e1ce nech rozchvacuj\u00fa cudz\u00ed (\u017d 109,11)\" src=\"http:\/\/www.blazejstrba.eu\/wp-content\/uploads\/Zalm-10911-150x150.jpg\" width=\"150\" height=\"150\" \/><\/a><figcaption id=\"caption-attachment-2831\" class=\"wp-caption-text\">&#8230;plody jeho pr\u00e1ce nech rozchvacuj\u00fa (\u017d 109,11)<\/figcaption><\/figure>\n<p>V r\u00e1mci pre\u017e\u00edvania 1150. v\u00fdro\u010dia pr\u00edchodu sv. Cyrila a Metoda na Ve\u013ek\u00fa Moravu sa<strong> 18. febru\u00e1ra 2013 <\/strong>v\u00a0K\u0148azskom semin\u00e1ri sv. Franti\u0161ka Xaversk\u00e9ho v\u00a0Banskej Bystrici \u2013 Bad\u00edne uskuto\u010dnil<strong> druh\u00fd tematick\u00fd ve\u010der tretieho ro\u010dn\u00edka cyklu<em> Slovom \u017ealmu k\u00a0jubileu<\/em>. <\/strong><\/p>\n<p>Ve\u010der sa za\u010dal o\u00a019.00 hod. v\u00a0semin\u00e1rnej kaplnke modlitbou ve\u0161pier viedol J\u00e1n Vigla\u0161, rektor K\u0148azsk\u00e9ho semin\u00e1ra. Po modlitbe program pokra\u010doval vo ve\u013ekej aule predn\u00e1\u0161kovou \u010das\u0165ou, ktorej obsahom bola predn\u00e1\u0161ka k\u00a0Roku viery o monoteizme a\u00a0v\u00fdklad <em><strong>\u017dalmu 109<\/strong><\/em>.<!--more--><\/p>\n<p>Predn\u00e1\u0161ku s\u00a0t\u00e9mou Boh v\u00a0kres\u0165anstve, judaizme a\u00a0islame za\u010dal ThLic. Branislav Koppal, ktor\u00fd predn\u00e1\u0161a filozofiu na Teologickom in\u0161tit\u00fate v\u00a0Bad\u00edne, rozl\u00ed\u0161en\u00edm, ak\u00e9 ot\u00e1zky si kladie \u010dlovek n\u00e1bo\u017eensk\u00fd a\u00a0ak\u00e9 filozofuj\u00faci teol\u00f3g. N\u00e1bo\u017eensk\u00fd \u010dlovek sa pri stretnut\u00ed s\u00a0nie\u010d\u00edm, \u010do ho presahuje, p\u00fdta, \u010di je to, \u010do vid\u00ed, bo\u017esk\u00e9ho p\u00f4vodu. Naproti tomu, filozofuj\u00faci teol\u00f3g sa p\u00fdta, \u010do je to boh. \u201eMonoteizmus v\u00a0Biblii nie je filozofickou ot\u00e1zkou, ale n\u00e1bo\u017eensk\u00fdm rozhodnut\u00edm, ktor\u00e9 vznik\u00e1 pod vplyvom toho, \u010do Boh zjavuje,\u201c povedal Koppal. Pre uva\u017eovanie o\u00a0Bohu je pod\u013ea neho v \u00a0n\u00e1bo\u017eenstve d\u00f4le\u017eit\u00e9 meno Boha, pri\u010dom to dolo\u017eil na pr\u00edklade textu z\u00a0<em>Knihy Exodus<\/em> (kapitoly 3 \u2013 4) o\u00a0zjaven\u00ed sa Boha Moj\u017ei\u0161ovi. Predn\u00e1\u0161aj\u00faci \u010falej rozobral ch\u00e1panie osoby Boha v\u00a0judaizme, kres\u0165anstve a\u00a0islame jednotlivo.<\/p>\n<p>V\u00a0\u00favode biblickej predn\u00e1\u0161ky, ktorej t\u00e9mou bol v\u00fdklad <em>\u017dalmu<\/em> 109 s\u00a0podtitulom <em>Volanie utl\u00e1\u010dan\u00e9ho spolo\u010denstva<\/em>, za\u010dal dom\u00e1ci biblista SSDr. Bla\u017eej \u0160trba jeho charakteristikou: Je to individu\u00e1lna prosba nevinn\u00e9ho, ktor\u00e9mu ide o\u00a0\u017eivot \u2013 doslova i\u00a0spolo\u010densky.\u201c \u017dalm stoj\u00ed na za\u010diatku piatej knihy \u017dalt\u00e1ra a ozna\u010duje sa ako najkrutej\u0161\u00ed prekl\u00ednac\u00ed \u017ealm, lebo nieko\u013ekokr\u00e1t praje smr\u0165. \u201e\u017dalmista,\u00a0 obkolesen\u00fd \u017ealobcami, pros\u00ed z\u00a0pren\u00e1ramn\u00e9ho s\u00fa\u017eenia a\u00a0bolesti. T\u00fato boles\u0165 nevl\u00e1dze nies\u0165 a\u00a0svojou v\u00fdpove\u010fou ju sklad\u00e1 na Boha,\u201c zd\u00f4raznil \u0160trba.<\/p>\n<p>Diskusia po predn\u00e1\u0161kach a\u00a0neform\u00e1lne agap\u00e9 boli priestorom na hlb\u0161ie rozvinutie toho, \u010do bolo povedan\u00e9, i\u00a0na bli\u017e\u0161ie stretnutie sa \u00fa\u010dastn\u00edkov ve\u010dera.<\/p>\n<p>Najbli\u017e\u0161ie stretnutie cyklu <em>Slovom \u017ealmu k\u00a0jubileu III<\/em> sa uskuto\u010dn\u00ed 11. marca 2013. Vladim\u00edr Farka\u0161, predn\u00e1\u0161aj\u00faci fundament\u00e1lnu teol\u00f3giu na Teologickom in\u0161tit\u00fate v\u00a0Bad\u00edne, vyst\u00fapi s\u00a0predn\u00e1\u0161kou na t\u00e9mu Atrakt\u00edvnos\u0165 viery Katol\u00edckej cirkvi. V biblickej predn\u00e1\u0161ke sa Franti\u0161ek Trstensk\u00fd, docent na Teologickej fakulte Katol\u00edckej univerzity, zameria na mot\u00edvy a\u00a0prvky <em>\u017dalmu<\/em> 110 s\u00a0podtitulom <em>Bo\u017e\u00ed hlas o Mesi\u00e1\u0161ovi<\/em>.<\/p>\n<p>Cyklus tematick\u00fdch ve\u010derov <em>Slovom \u017ealmu k\u00a0jubileu<\/em> organizuje K\u0148azsk\u00fd semin\u00e1r sv. Franti\u0161ka Xaversk\u00e9ho v\u00a0Banskej Bystrici \u2013 Bad\u00edne v\u00a0spolupr\u00e1ci s\u00a0Katedrou biblick\u00fdch vied na RKCMBF UK\u00a0 v\u00a0Bratislave, pracovisko Bad\u00edn. Jeho cie\u013eom je napom\u00f4c\u0165 pre\u017e\u00edvanie Roku sv. Cyrila a\u00a0Metoda i\u00a0Roku viery a\u00a0prin\u00e1\u0161a\u0165 mo\u017enos\u0165 vzdel\u00e1vania vo veciach viery a\u00a0poznania Bo\u017eieho slova.<\/p>\n<p>Zvukov\u00fa nahr\u00e1vku a prezent\u00e1ciu z\u00a0posledn\u00e9ho, ale aj z\u00a0predch\u00e1dzaj\u00facich ve\u010derov, m\u00f4\u017eete n\u00e1js\u0165 na str\u00e1nke K\u0148azsk\u00e9ho semin\u00e1ra.<\/p>\n<p style=\"text-align: right;\">Du\u0161an Ron\u010d\u00e1k<\/p>\n<p style=\"text-align: left;\">Prebran\u00e9 z www.xaver.sk<\/p>\n","protected":false},"excerpt":{"rendered":"<p>V r\u00e1mci pre\u017e\u00edvania 1150. v\u00fdro\u010dia pr\u00edchodu sv. Cyrila a Metoda na Ve\u013ek\u00fa Moravu sa 18. febru\u00e1ra 2013 v\u00a0K\u0148azskom semin\u00e1ri sv. Franti\u0161ka Xaversk\u00e9ho v\u00a0Banskej Bystrici \u2013 Bad\u00edne uskuto\u010dnil druh\u00fd tematick\u00fd ve\u010der tretieho ro\u010dn\u00edka cyklu Slovom \u017ealmu k\u00a0jubileu. Ve\u010der sa za\u010dal o\u00a019.00 hod. v\u00a0semin\u00e1rnej kaplnke modlitbou ve\u0161pier viedol J\u00e1n Vigla\u0161, rektor K\u0148azsk\u00e9ho semin\u00e1ra. Po modlitbe program pokra\u010doval &hellip; <a href=\"https:\/\/blazejstrba.eu\/it\/o-jednom-bohu\/\" class=\"more-link\">Continue reading <span class=\"screen-reader-text\">O jednom Bohu a o viacn\u00e1sobnom prekl\u00ednan\u00ed<\/span> <span class=\"meta-nav\">&rarr;<\/span><\/a><\/p>\n","protected":false},"author":2,"featured_media":0,"comment_status":"closed","ping_status":"open","sticky":false,"template":"","format":"standard","meta":{"footnotes":""},"categories":[5],"tags":[],"translation":{"provider":"WPGlobus","version":"3.0.0","language":"it","enabled_languages":["sk","en","it"],"languages":{"sk":{"title":true,"content":true,"excerpt":false},"en":{"title":false,"content":false,"excerpt":false},"it":{"title":false,"content":false,"excerpt":false}}},"_links":{"self":[{"href":"https:\/\/blazejstrba.eu\/it\/wp-json\/wp\/v2\/posts\/2830"}],"collection":[{"href":"https:\/\/blazejstrba.eu\/it\/wp-json\/wp\/v2\/posts"}],"about":[{"href":"https:\/\/blazejstrba.eu\/it\/wp-json\/wp\/v2\/types\/post"}],"author":[{"embeddable":true,"href":"https:\/\/blazejstrba.eu\/it\/wp-json\/wp\/v2\/users\/2"}],"replies":[{"embeddable":true,"href":"https:\/\/blazejstrba.eu\/it\/wp-json\/wp\/v2\/comments?post=2830"}],"version-history":[{"count":9,"href":"https:\/\/blazejstrba.eu\/it\/wp-json\/wp\/v2\/posts\/2830\/revisions"}],"predecessor-version":[{"id":2834,"href":"https:\/\/blazejstrba.eu\/it\/wp-json\/wp\/v2\/posts\/2830\/revisions\/2834"}],"wp:attachment":[{"href":"https:\/\/blazejstrba.eu\/it\/wp-json\/wp\/v2\/media?parent=2830"}],"wp:term":[{"taxonomy":"category","embeddable":true,"href":"https:\/\/blazejstrba.eu\/it\/wp-json\/wp\/v2\/categories?post=2830"},{"taxonomy":"post_tag","embeddable":true,"href":"https:\/\/blazejstrba.eu\/it\/wp-json\/wp\/v2\/tags?post=2830"}],"curies":[{"name":"wp","href":"https:\/\/api.w.org\/{rel}","templated":true}]}}