{"id":2802,"date":"2013-01-04T17:24:52","date_gmt":"2013-01-04T15:24:52","guid":{"rendered":"http:\/\/www.blazejstrba.eu\/?p=2802"},"modified":"2013-01-05T10:01:26","modified_gmt":"2013-01-05T08:01:26","slug":"slovom-zalmu-k-jubileu-2013","status":"publish","type":"post","link":"https:\/\/blazejstrba.eu\/it\/slovom-zalmu-k-jubileu-2013\/","title":{"rendered":"Slovom \u017ealmu k jubileu 2013 &#8211; za\u010d\u00edna 14. janu\u00e1ra"},"content":{"rendered":"<div>\n<figure id=\"attachment_2804\" aria-describedby=\"caption-attachment-2804\" style=\"width: 150px\" class=\"wp-caption alignleft\"><a href=\"http:\/\/www.blazejstrba.eu\/slovom-zalmu-k-jubileu-2013\/zalm-10414-byl-2\/\" rel=\"attachment wp-att-2804\"><img loading=\"lazy\" decoding=\"async\" class=\"size-thumbnail wp-image-2804\" alt=\"By\u013e\" src=\"http:\/\/www.blazejstrba.eu\/wp-content\/uploads\/Zalm-10414-byl1-150x150.jpg\" width=\"150\" height=\"150\" \/><\/a><figcaption id=\"caption-attachment-2804\" class=\"wp-caption-text\">By\u013e<\/figcaption><\/figure>\n<p><strong>Vierohodnos\u0165 viery<\/strong> a <strong>oslava Stvorite\u013ea<\/strong> (\u017d 104)<\/p>\n<p><strong>Slovom \u017ealmu k jubileu<\/strong> je cyklus tematick\u00fdch ve\u010derov s predn\u00e1\u0161kami o viere a o \u017ealmoch; prebieha aj v roku <strong>2013<\/strong> v K\u0148azskom semin\u00e1ri v Bad\u00edne (<a href=\"http:\/\/www.blazejstrba.eu\/?file_id=113\">celkov\u00fd program predn\u00e1\u0161ok na rok 2013<\/a>). Prv\u00e1 predn\u00e1\u0161ka na t\u00e9mu viery bude v jednotliv\u00fdch ve\u010deroch v podan\u00ed r\u00f4znych zauj\u00edmav\u00fdch predn\u00e1\u0161aj\u00facich z domova i z R\u00edma. Podobne i druh\u00e1 v porad\u00ed &#8211; biblick\u00e1 predn\u00e1\u0161ka bude s\u00edce st\u00e1le na t\u00e9mu \u017ealmov (zo \u017dalmov 100-150), ale bude prednesen\u00e1 v podan\u00ed r\u00f4znych biblistov, medzi in\u00fdmi i z P\u00e1pe\u017esk\u00e9ho biblick\u00e9ho in\u0161tit\u00fatu.<\/p>\n<\/div>\n<div>Prv\u00e9 stretnutie sa uskuto\u010dn\u00ed<strong> 14. janu\u00e1ra 2013 <\/strong>a za\u010dne sa&#8230;<!--more--> v semin\u00e1rnej kaplnke sl\u00e1ven\u00edm<strong> Eucharistie o 18.30 hod. <\/strong><\/div>\n<div>Prv\u00e1 predn\u00e1\u0161ka bude hovori\u0165 o ot\u00e1zke \u010di je veri\u0165 vierohodn\u00e9 (Mons. M. Gavenda) a v biblickej \u010dasti stretnutia bude pribl\u00ed\u017een\u00fd\u00a0<strong>\u017dalm 104 <\/strong>s podtitulom <strong>Oslava Boha Stvorite\u013ea<\/strong>.<\/div>\n","protected":false},"excerpt":{"rendered":"<p>Vierohodnos\u0165 viery a oslava Stvorite\u013ea (\u017d 104) Slovom \u017ealmu k jubileu je cyklus tematick\u00fdch ve\u010derov s predn\u00e1\u0161kami o viere a o \u017ealmoch; prebieha aj v roku 2013 v K\u0148azskom semin\u00e1ri v Bad\u00edne (celkov\u00fd program predn\u00e1\u0161ok na rok 2013). Prv\u00e1 predn\u00e1\u0161ka na t\u00e9mu viery bude v jednotliv\u00fdch ve\u010deroch v podan\u00ed r\u00f4znych zauj\u00edmav\u00fdch predn\u00e1\u0161aj\u00facich z domova i &hellip; <a href=\"https:\/\/blazejstrba.eu\/it\/slovom-zalmu-k-jubileu-2013\/\" class=\"more-link\">Continue reading <span class=\"screen-reader-text\">Slovom \u017ealmu k jubileu 2013 &#8211; za\u010d\u00edna 14. janu\u00e1ra<\/span> <span class=\"meta-nav\">&rarr;<\/span><\/a><\/p>\n","protected":false},"author":2,"featured_media":0,"comment_status":"closed","ping_status":"open","sticky":false,"template":"","format":"standard","meta":{"footnotes":""},"categories":[5],"tags":[],"translation":{"provider":"WPGlobus","version":"3.0.0","language":"it","enabled_languages":["sk","en","it"],"languages":{"sk":{"title":true,"content":true,"excerpt":false},"en":{"title":false,"content":false,"excerpt":false},"it":{"title":false,"content":false,"excerpt":false}}},"_links":{"self":[{"href":"https:\/\/blazejstrba.eu\/it\/wp-json\/wp\/v2\/posts\/2802"}],"collection":[{"href":"https:\/\/blazejstrba.eu\/it\/wp-json\/wp\/v2\/posts"}],"about":[{"href":"https:\/\/blazejstrba.eu\/it\/wp-json\/wp\/v2\/types\/post"}],"author":[{"embeddable":true,"href":"https:\/\/blazejstrba.eu\/it\/wp-json\/wp\/v2\/users\/2"}],"replies":[{"embeddable":true,"href":"https:\/\/blazejstrba.eu\/it\/wp-json\/wp\/v2\/comments?post=2802"}],"version-history":[{"count":5,"href":"https:\/\/blazejstrba.eu\/it\/wp-json\/wp\/v2\/posts\/2802\/revisions"}],"predecessor-version":[{"id":2807,"href":"https:\/\/blazejstrba.eu\/it\/wp-json\/wp\/v2\/posts\/2802\/revisions\/2807"}],"wp:attachment":[{"href":"https:\/\/blazejstrba.eu\/it\/wp-json\/wp\/v2\/media?parent=2802"}],"wp:term":[{"taxonomy":"category","embeddable":true,"href":"https:\/\/blazejstrba.eu\/it\/wp-json\/wp\/v2\/categories?post=2802"},{"taxonomy":"post_tag","embeddable":true,"href":"https:\/\/blazejstrba.eu\/it\/wp-json\/wp\/v2\/tags?post=2802"}],"curies":[{"name":"wp","href":"https:\/\/api.w.org\/{rel}","templated":true}]}}