{"id":2694,"date":"2012-11-24T11:46:37","date_gmt":"2012-11-24T09:46:37","guid":{"rendered":"http:\/\/www.blazejstrba.eu\/?p=2694"},"modified":"2012-11-25T16:51:26","modified_gmt":"2012-11-25T14:51:26","slug":"pod-ochranou-najvyssieho-z-91","status":"publish","type":"post","link":"https:\/\/blazejstrba.eu\/it\/pod-ochranou-najvyssieho-z-91\/","title":{"rendered":"Zmena &#8211; Pod ochranou Najvy\u0161\u0161ieho (\u017d 91)"},"content":{"rendered":"<figure id=\"attachment_2695\" aria-describedby=\"caption-attachment-2695\" style=\"width: 150px\" class=\"wp-caption alignleft\"><a href=\"http:\/\/www.blazejstrba.eu\/wp-content\/uploads\/Zalm-911-Margit-PRUGEE.jpg\"><img loading=\"lazy\" decoding=\"async\" class=\"size-thumbnail wp-image-2695 \" title=\"\u017d 91,2-7 (Margrit PRIGGE)\" src=\"http:\/\/www.blazejstrba.eu\/wp-content\/uploads\/Zalm-911-Margit-PRUGEE-150x150.jpg\" alt=\"\" width=\"150\" height=\"150\" \/><\/a><figcaption id=\"caption-attachment-2695\" class=\"wp-caption-text\">&#8220;&#8230;kr\u00eddlami \u0165a zaclon\u00ed&#8221; (\u017d 91,4; M. Prigge)<\/figcaption><\/figure>\n<p>V pondelok <strong>26. novembra <\/strong>2012 PSSP v Benedikt\u00ednskom kl\u00e1\u0161tore v Sampore<strong> nebude. <span style=\"color: #993366;\">A\u017e nasleduj\u00faci pondelok 3. decembra 2012<\/span><\/strong> bude \u010fal\u0161ie a posledn\u00e9 tohtoro\u010dn\u00e9 PSSP a benedikt\u00edni <em>Kl\u00e1\u0161tora Premenenia P\u00e1na<\/em> poz\u00fdvaj\u00fa v\u0161etk\u00fdch, ktor\u00ed maj\u00fa z\u00e1ujem posilni\u0165 si vieru modlitbou \u017ealmov. <em><\/em>Ich pravideln\u00e9 <em>Pondel\u0148aj\u0161ie stretnutie nad\u00a0 Sv\u00e4t\u00fdm p\u00edsm<\/em>om (PSSP) sa bude v ten pondelok zam\u00fd\u0161\u013ea\u0165 nad v\u00fdhodou \u010dloveka, ktor\u00fd sa d\u00e1va do ochrany Najvy\u0161\u0161iemu\u00a0 <strong>(\u017dalme 91)<\/strong>. Hodinov\u00e9 stretnutie sa za\u010dne kr\u00e1tkou modlitbou <strong>o 19.00 hod &#8211; <\/strong>\u010d\u00edtan\u00edm samotn\u00e9ho \u017ealmu.\u00a0 N\u00e1sledne sa bude \u017ealm analyzova\u0165 a komentova\u0165. Na z\u00e1ver stretnutia bude spolo\u010dn\u00e1 modlitba \u2013 komplet\u00f3rium o 20.00 hod.<\/p>\n<p><img decoding=\"async\" title=\"\u010c\u00edtajte \u010falej...\" src=\"http:\/\/www.blazejstrba.eu\/wp-includes\/js\/tinymce\/plugins\/wordpress\/img\/trans.gif\" alt=\"\" \/>S\u00e9ria piatich ve\u010derov PSSP zimn\u00e9ho&#8230;<img decoding=\"async\" title=\"\u010c\u00edtajte \u010falej...\" src=\"http:\/\/www.blazejstrba.eu\/wp-includes\/js\/tinymce\/plugins\/wordpress\/img\/trans.gif\" alt=\"\" \/> <!--more-->semestra akad.roka <strong>2012\/2013<\/strong>, po\u010das ktor\u00fdch<img decoding=\"async\" title=\"\u010c\u00edtajte \u010falej...\" src=\"http:\/\/www.blazejstrba.eu\/wp-includes\/js\/tinymce\/plugins\/wordpress\/img\/trans.gif\" alt=\"\" \/> sa z\u00e1ujemcovia o \u017ealmy bud\u00fa venova\u0165 nieko\u013ek\u00fdm \u010fal\u0161\u00edm \u017ealmom, m\u00e1 nasledovn\u00fd program:<\/p>\n<p>24.IX.2012 \u2013 \u00dato\u010dn\u00ed nepriatelia (\u017d 59) (29. PSSP)<\/p>\n<p>8.X.2012 \u2013 \u00dato\u010di\u0161te, ale ak\u00e9 (\u017d 62) (30. PSSP)<\/p>\n<p>5.XI.2012 \u2013 Moj\u017ei\u0161ova \u00favaha o\u00a0\u010dase (\u017d 90) (31. PSSP)<\/p>\n<p>26.XI. 2012 \u2013 Pod ochranou Najvy\u0161\u0161ieho (\u017d 91) (32. PSSP)<\/p>\n<p>3.XII.2012 \u2013 <strong>Du\u0161a pln\u00e1 utrpenia<\/strong> (\u017d 88) (33. PSSP)<\/p>\n","protected":false},"excerpt":{"rendered":"<p>V pondelok 26. novembra 2012 PSSP v Benedikt\u00ednskom kl\u00e1\u0161tore v Sampore nebude. A\u017e nasleduj\u00faci pondelok 3. decembra 2012 bude \u010fal\u0161ie a posledn\u00e9 tohtoro\u010dn\u00e9 PSSP a benedikt\u00edni Kl\u00e1\u0161tora Premenenia P\u00e1na poz\u00fdvaj\u00fa v\u0161etk\u00fdch, ktor\u00ed maj\u00fa z\u00e1ujem posilni\u0165 si vieru modlitbou \u017ealmov. Ich pravideln\u00e9 Pondel\u0148aj\u0161ie stretnutie nad\u00a0 Sv\u00e4t\u00fdm p\u00edsmom (PSSP) sa bude v ten pondelok zam\u00fd\u0161\u013ea\u0165 nad v\u00fdhodou &hellip; <a href=\"https:\/\/blazejstrba.eu\/it\/pod-ochranou-najvyssieho-z-91\/\" class=\"more-link\">Continue reading <span class=\"screen-reader-text\">Zmena &#8211; Pod ochranou Najvy\u0161\u0161ieho (\u017d 91)<\/span> <span class=\"meta-nav\">&rarr;<\/span><\/a><\/p>\n","protected":false},"author":2,"featured_media":0,"comment_status":"closed","ping_status":"open","sticky":false,"template":"","format":"standard","meta":{"footnotes":""},"categories":[5],"tags":[],"translation":{"provider":"WPGlobus","version":"3.0.0","language":"it","enabled_languages":["sk","en","it"],"languages":{"sk":{"title":true,"content":true,"excerpt":false},"en":{"title":false,"content":false,"excerpt":false},"it":{"title":false,"content":false,"excerpt":false}}},"_links":{"self":[{"href":"https:\/\/blazejstrba.eu\/it\/wp-json\/wp\/v2\/posts\/2694"}],"collection":[{"href":"https:\/\/blazejstrba.eu\/it\/wp-json\/wp\/v2\/posts"}],"about":[{"href":"https:\/\/blazejstrba.eu\/it\/wp-json\/wp\/v2\/types\/post"}],"author":[{"embeddable":true,"href":"https:\/\/blazejstrba.eu\/it\/wp-json\/wp\/v2\/users\/2"}],"replies":[{"embeddable":true,"href":"https:\/\/blazejstrba.eu\/it\/wp-json\/wp\/v2\/comments?post=2694"}],"version-history":[{"count":7,"href":"https:\/\/blazejstrba.eu\/it\/wp-json\/wp\/v2\/posts\/2694\/revisions"}],"predecessor-version":[{"id":2724,"href":"https:\/\/blazejstrba.eu\/it\/wp-json\/wp\/v2\/posts\/2694\/revisions\/2724"}],"wp:attachment":[{"href":"https:\/\/blazejstrba.eu\/it\/wp-json\/wp\/v2\/media?parent=2694"}],"wp:term":[{"taxonomy":"category","embeddable":true,"href":"https:\/\/blazejstrba.eu\/it\/wp-json\/wp\/v2\/categories?post=2694"},{"taxonomy":"post_tag","embeddable":true,"href":"https:\/\/blazejstrba.eu\/it\/wp-json\/wp\/v2\/tags?post=2694"}],"curies":[{"name":"wp","href":"https:\/\/api.w.org\/{rel}","templated":true}]}}