{"id":2691,"date":"2012-12-02T11:16:02","date_gmt":"2012-12-02T09:16:02","guid":{"rendered":"http:\/\/www.blazejstrba.eu\/?p=2691"},"modified":"2012-12-11T21:37:16","modified_gmt":"2012-12-11T19:37:16","slug":"neuwirth-a-dakovna-piesen-svatemu-bohu-z-99-100","status":"publish","type":"post","link":"https:\/\/blazejstrba.eu\/it\/neuwirth-a-dakovna-piesen-svatemu-bohu-z-99-100\/","title":{"rendered":"Anton Neuwirth a v\u010fakyvzdanie P\u00c1NOVI (\u017d 99-100)"},"content":{"rendered":"<figure id=\"attachment_2692\" aria-describedby=\"caption-attachment-2692\" style=\"width: 150px\" class=\"wp-caption alignleft\"><a href=\"http:\/\/www.blazejstrba.eu\/wp-content\/uploads\/Zalm-992-Sion.jpg\"><img loading=\"lazy\" decoding=\"async\" class=\"size-thumbnail wp-image-2692\" title=\"Chr\u00e1m v Jeruzaleme (model)\" src=\"http:\/\/www.blazejstrba.eu\/wp-content\/uploads\/Zalm-992-Sion-150x150.jpg\" alt=\"\" width=\"150\" height=\"150\" \/><\/a><figcaption id=\"caption-attachment-2692\" class=\"wp-caption-text\">Model jeruzalemsk\u00e9ho chr\u00e1mu<\/figcaption><\/figure>\n<p>V r\u00e1mci pr\u00edpravy na sl\u00e1venie 1150. v\u00fdro\u010dia pr\u00edchodu sv. Cyrila a Metoda na Ve\u013ek\u00fa Moravu sa <strong>10. decembra 2012 v K\u0148azskom semin\u00e1ri<\/strong> sv. Franti\u0161ka Xaversk\u00e9ho v Banskej Bystrici \u2013 Bad\u00edne uskuto\u010dnil v roku 2012 posledn\u00fd desiaty tematick\u00fd ve\u010der druh\u00e9ho ro\u010dn\u00edka\u00a0 cyklu Slovom \u017ealmu k jubileu.<\/p>\n<p>T\u00e9mami predn\u00e1\u0161ok boli osobnos\u0165 <strong>Antona Neuwirtha<\/strong> a dvojica <strong>\u017dalmov 99 a 100<\/strong> s podtitulom Sv\u00e4t\u00fd Boh a \u010fakovn\u00e1 piese\u0148.<\/p>\n<p>Modlitbovo-predn\u00e1\u0161kov\u00fd ve\u010der sa za\u010dal<!--more--> o 19.30 sl\u00e1vnostn\u00fdmi ve\u0161perami, ktor\u00fdm predsedal rektor K\u0148azsk\u00e9ho semin\u00e1ra J\u00e1n Vigla\u0161. Po modlitbe program pokra\u010doval predn\u00e1\u0161kovou \u010das\u0165ou.<\/p>\n<p>V historickej predn\u00e1\u0161ke sa pr\u00edtomn\u00fdm prihovorila poslanky\u0148a Eur\u00f3pskeho parlamentu Anna Z\u00e1borsk\u00e1. Dr. Antona Neuwirtha (1921 \u2013 2004) predstavila nie v prvom rade ako zn\u00e1mu a uzn\u00e1van\u00fa osobnos\u0165, ale v\u010faka osobn\u00fdm spomienkam najm\u00e4 ako svojho otca.<\/p>\n<p>\u201eBol to \u010dlovek, ktor\u00fd po\u010d\u00faval a vedel sa prisp\u00f4sobi\u0165 tomu, s k\u00fdm pr\u00e1ve hovoril,\u201c povedala Z\u00e1borsk\u00e1. Neuwirth nap\u00edsal knihu spomienok na svoj \u017eivot s n\u00e1zvom Lie\u010di\u0165 zlo l\u00e1skou a \u2013 pod\u013ea jeho dc\u00e9ry \u2013 \u201ecel\u00fd jeho \u017eivot bol naplnen\u00edm tohto hesla.\u201c Jeho kalv\u00e1ria sa za\u010dala, ke\u010f ako u\u010dite\u013e na vysokej \u0161kole v Ko\u0161iciach odmietol podp\u00edsa\u0165 list, odsudzuj\u00faci slovensk\u00fdch biskupov.<\/p>\n<p>Preto\u017ee sa potom stal vo v\u00e4znici v Leopoldove ich lek\u00e1rom, v procese Gojdi\u010dovho blahore\u010denia vystupoval ako korunn\u00fd svedok. O otcovom postoji k prenasledovaniu Z\u00e1borsk\u00e1 povedala: \u201eVedel, \u017ee rodina to nebude ma\u0165 \u013eahk\u00e9. Ale vedel aj to, \u017ee ak nebude vern\u00fd spr\u00e1vnym hodnot\u00e1m, rodina to bude ma\u0165 ove\u013ea \u0165a\u017e\u0161ie, ako keby bola bez otca.\u201c<\/p>\n<p>Neuwirthovo meno sa \u00fazko sp\u00e1ja so vznikom Z\u00e1kladnej zmluvy medzi Slovenskou republikou a Sv\u00e4tou stolicou a ako ve\u013evyslanec SR pri Sv\u00e4tej stolici mal rozhoduj\u00faci podiel na jej vypracovan\u00ed.<\/p>\n<p>Z\u00e1le\u017ealo mu najm\u00e4 na prijat\u00ed \u010diastkovej Zmluvy o v\u00fdhrade vo svedom\u00ed, ktor\u00fa postavil na dvoch z\u00e1kladn\u00fdch pilieroch \u2013 ochrane \u013eudsk\u00e9ho \u017eivota a zmysle \u017eivota. \u201eC\u00edtil sa ako ob\u010dan Slovenska i ako katol\u00edk, a teda mal dve hlavy \u2013 prezidenta i p\u00e1pe\u017ea. A toto nem\u00f4\u017ee by\u0165 v rozpore, preto v\u017edy trval na form\u00e1cii svedomia,\u201c dodala Z\u00e1borsk\u00e1.<\/p>\n<p>Anal\u00fdzu \u017dalmov 99 a 100 za\u010dal biblista Bla\u017eej \u0160trba ich zaraden\u00edm do kontextu knihy \u017dalmov. Obidva uzatv\u00e1raj\u00fa skupinu sl\u00e1vnostn\u00fdch \u201ekr\u00e1\u013eovsk\u00fdch\u201c \u017ealmov.<\/p>\n<p>\u017dalm 99 prip\u00e1ja k t\u00e9me kra\u013eovania aj t\u00e9mu bo\u017esk\u00e9ho panovania. Okrem sedmor\u00e9ho oslovenia \u201eP\u00e1n!\u201c sa tu vyskytuje v\u00fdnimo\u010dn\u00e9 trojit\u00e9 zvolanie \u201eJe sv\u00e4t\u00fd!\u201c, pri\u010dom tu popri P\u00e1novej sv\u00e4tosti zar\u00e1\u017ea \u201enepochopite\u013en\u00e1 skuto\u010dnos\u0165, \u017ee k nemu ka\u017ed\u00fd m\u00f4\u017ee ma\u0165 pr\u00edstup.\u201c<\/p>\n<p>\u017dalm 100 sa pou\u017e\u00edva v liturgii hod\u00edn ako \u017ealm, ktor\u00fd otv\u00e1ra de\u0148 modlitbou invitat\u00f3ria. V tomto je podobn\u00fd s ne\u010falek\u00fdm 95. \u017ealmom. Sp\u00e1ja ich mot\u00edv \u013eudu ako oviec P\u00e1na i refr\u00e9nov\u00e9 zvolanie: \u201ePo\u010fte!\u201c Tento kr\u00e1tky \u017ealm uv\u00e1dza tri d\u00f4vody, pre\u010do je P\u00e1n hoden oslavy: jeho dobrotu, vernos\u0165 a pravdivos\u0165.<\/p>\n<p>N\u00e1sledne predn\u00e1\u0161aj\u00faci odpovedali na ot\u00e1zky pr\u00edtomn\u00fdch. Anna Z\u00e1borsk\u00e1 si tu zaspom\u00ednala na perzek\u00facie i vyzdvihnutie svojho otca aj slovami, ktor\u00e9 mu pri audiencii povedal p\u00e1pe\u017e J\u00e1n Pavol II.<\/p>\n<p>\u00da\u010dastn\u00edci posledn\u00e9ho tohtoro\u010dn\u00e9ho stretnutia cyklu Slovom \u017ealmu k jubileu dostali od organiz\u00e1torov mal\u00fd dar\u010dek \u2013 p\u00e1smov\u00fd meter, ktor\u00e9ho d\u013a\u017eka 150 cm symbolicky pripom\u00edna 150 \u017ealmov. Z\u00e1rove\u0148 bola zverejnen\u00e1 aj pozv\u00e1nka na stretnutia tretieho ro\u010dn\u00edka cyklu, ktor\u00fd sa za\u010dne 14. janu\u00e1ra 2013 netradi\u010dne sv\u00e4tou om\u0161ou u\u017e o 18.30 hod.<\/p>\n<p>Cyklus tematick\u00fdch ve\u010derov Slovom \u017ealmu k jubileu prebieha v Banskobystrickej diec\u00e9ze ako aktivita v Roku sv\u00e4t\u00fdch Cyrila a Metoda a Roku viery. Predn\u00e1\u0161ky v jeho tre\u0165om ro\u010dn\u00edku v roku 2013 bud\u00fa orientovan\u00e9 na osvet\u013eovanie katol\u00edckej viery a v\u00fdklad \u017ealmov z poslednej tretiny \u017dalt\u00e1ra, teda \u017ealmov 101 a\u017e 150.<\/p>\n<p>Zvukov\u00fa nahr\u00e1vku a prezent\u00e1ciu z posledn\u00e9ho, ako aj z predch\u00e1dzaj\u00facich ve\u010derov, m\u00f4\u017eete n\u00e1js\u0165 na str\u00e1nke K\u0148azsk\u00e9ho semin\u00e1ra: <a href=\"http:\/\/www.xaver.sk\" target=\"_blank\">www.xaver.sk<\/a>.<\/p>\n<p style=\"text-align: right;\">Du\u0161an Ron\u010d\u00e1k<\/p>\n","protected":false},"excerpt":{"rendered":"<p>V r\u00e1mci pr\u00edpravy na sl\u00e1venie 1150. v\u00fdro\u010dia pr\u00edchodu sv. Cyrila a Metoda na Ve\u013ek\u00fa Moravu sa 10. decembra 2012 v K\u0148azskom semin\u00e1ri sv. Franti\u0161ka Xaversk\u00e9ho v Banskej Bystrici \u2013 Bad\u00edne uskuto\u010dnil v roku 2012 posledn\u00fd desiaty tematick\u00fd ve\u010der druh\u00e9ho ro\u010dn\u00edka\u00a0 cyklu Slovom \u017ealmu k jubileu. T\u00e9mami predn\u00e1\u0161ok boli osobnos\u0165 Antona Neuwirtha a dvojica \u017dalmov 99 &hellip; <a href=\"https:\/\/blazejstrba.eu\/it\/neuwirth-a-dakovna-piesen-svatemu-bohu-z-99-100\/\" class=\"more-link\">Continue reading <span class=\"screen-reader-text\">Anton Neuwirth a v\u010fakyvzdanie P\u00c1NOVI (\u017d 99-100)<\/span> <span class=\"meta-nav\">&rarr;<\/span><\/a><\/p>\n","protected":false},"author":2,"featured_media":0,"comment_status":"closed","ping_status":"open","sticky":false,"template":"","format":"standard","meta":{"footnotes":""},"categories":[5],"tags":[],"translation":{"provider":"WPGlobus","version":"3.0.0","language":"it","enabled_languages":["sk","en","it"],"languages":{"sk":{"title":true,"content":true,"excerpt":false},"en":{"title":false,"content":false,"excerpt":false},"it":{"title":false,"content":false,"excerpt":false}}},"_links":{"self":[{"href":"https:\/\/blazejstrba.eu\/it\/wp-json\/wp\/v2\/posts\/2691"}],"collection":[{"href":"https:\/\/blazejstrba.eu\/it\/wp-json\/wp\/v2\/posts"}],"about":[{"href":"https:\/\/blazejstrba.eu\/it\/wp-json\/wp\/v2\/types\/post"}],"author":[{"embeddable":true,"href":"https:\/\/blazejstrba.eu\/it\/wp-json\/wp\/v2\/users\/2"}],"replies":[{"embeddable":true,"href":"https:\/\/blazejstrba.eu\/it\/wp-json\/wp\/v2\/comments?post=2691"}],"version-history":[{"count":5,"href":"https:\/\/blazejstrba.eu\/it\/wp-json\/wp\/v2\/posts\/2691\/revisions"}],"predecessor-version":[{"id":2740,"href":"https:\/\/blazejstrba.eu\/it\/wp-json\/wp\/v2\/posts\/2691\/revisions\/2740"}],"wp:attachment":[{"href":"https:\/\/blazejstrba.eu\/it\/wp-json\/wp\/v2\/media?parent=2691"}],"wp:term":[{"taxonomy":"category","embeddable":true,"href":"https:\/\/blazejstrba.eu\/it\/wp-json\/wp\/v2\/categories?post=2691"},{"taxonomy":"post_tag","embeddable":true,"href":"https:\/\/blazejstrba.eu\/it\/wp-json\/wp\/v2\/tags?post=2691"}],"curies":[{"name":"wp","href":"https:\/\/api.w.org\/{rel}","templated":true}]}}