{"id":2623,"date":"2012-09-08T01:06:40","date_gmt":"2012-09-07T23:06:40","guid":{"rendered":"http:\/\/www.blazejstrba.eu\/?p=2623"},"modified":"2012-09-08T01:18:48","modified_gmt":"2012-09-07T23:18:48","slug":"mysterium-viery-umelecky","status":"publish","type":"post","link":"https:\/\/blazejstrba.eu\/it\/mysterium-viery-umelecky\/","title":{"rendered":"Myst\u00e9rium viery umelecky"},"content":{"rendered":"<figure id=\"attachment_2626\" aria-describedby=\"caption-attachment-2626\" style=\"width: 150px\" class=\"wp-caption alignleft\"><a href=\"http:\/\/www.blazejstrba.eu\/wp-content\/uploads\/Bad-Exp-Zaborsky2012-dve-srdcia.jpg\"><img loading=\"lazy\" decoding=\"async\" class=\" wp-image-2626\" title=\"Ladislav Zaborsky (1988)\" src=\"http:\/\/www.blazejstrba.eu\/wp-content\/uploads\/Bad-Exp-Zaborsky2012-dve-srdcia-150x150.jpg\" alt=\"\" width=\"150\" height=\"150\" \/><\/a><figcaption id=\"caption-attachment-2626\" class=\"wp-caption-text\">Dve srdcia (L. Z\u00e1borsk\u00fd)<\/figcaption><\/figure>\n<p>V\u00fdstavu Z\u00e1borsk\u00e9ho obrazov s n\u00e1zvom <strong><em>Myst\u00e9rium viery v diele Ladislava Z\u00e1borsk\u00e9ho<\/em><\/strong> v priestoroch K\u0148azsk\u00e9ho semin\u00e1ra sv. Franti\u0161ka Xaversk\u00e9ho otvoril diec\u00e9zny administr\u00e1tor Mons. Mari\u00e1n Bublinec\u00a0v stredu 5. septembra 2012.<\/p>\n<p>V\u00fdber z rozsiahlej tvorby akademick\u00e9ho maliara Ladislava Z\u00e1borsk\u00e9ho (tu: <a href=\"http:\/\/www.blazejstrba.eu\/?file_id=100\">v\u00fdklad v\u00fdstavy<\/a>) si bud\u00fa m\u00f4c\u0165 pozrie\u0165 \u00fa\u010dastn\u00edci vedeckej konferencie s medzin\u00e1rodnou \u00fa\u010das\u0165ou o \u017dalmoch, ktor\u00e1 sa bude kona\u0165 v d\u0148och 13. a 14. septembra 2012 v Banskej Bystrici \u2013 Bad\u00edne. <!--more-->V\u00fdtvarn\u00e9 medit\u00e1cie Ladislava Z\u00e1borsk\u00e9ho, ako aj jeho pr\u00ednos pre sakr\u00e1lne umenie a n\u00e1bo\u017eensk\u00fa ma\u013ebu druhej polovice 20. storo\u010dia na Slovensku pribl\u00ed\u017ei \u00fa\u010dastn\u00edkom konferencie v r\u00e1mci spolo\u010densk\u00e9ho ve\u010dera histori\u010dka umenia Alena Piatrov\u00e1.<\/p>\n<p><strong>V\u00fdstava je v K\u0148azskom semin\u00e1ri v Banskej Bystrici \u2013 Bad\u00edne spr\u00edstupnen\u00e1 a\u017e do 29. septembra 2012<\/strong>, ke\u010f\u017ee je z\u00e1rove\u0148 jednou z pr\u00edpravn\u00fdch aktiv\u00edt na sl\u00e1venie Roku Viery.<\/p>\n","protected":false},"excerpt":{"rendered":"<p>V\u00fdstavu Z\u00e1borsk\u00e9ho obrazov s n\u00e1zvom Myst\u00e9rium viery v diele Ladislava Z\u00e1borsk\u00e9ho v priestoroch K\u0148azsk\u00e9ho semin\u00e1ra sv. Franti\u0161ka Xaversk\u00e9ho otvoril diec\u00e9zny administr\u00e1tor Mons. Mari\u00e1n Bublinec\u00a0v stredu 5. septembra 2012. V\u00fdber z rozsiahlej tvorby akademick\u00e9ho maliara Ladislava Z\u00e1borsk\u00e9ho (tu: v\u00fdklad v\u00fdstavy) si bud\u00fa m\u00f4c\u0165 pozrie\u0165 \u00fa\u010dastn\u00edci vedeckej konferencie s medzin\u00e1rodnou \u00fa\u010das\u0165ou o \u017dalmoch, ktor\u00e1 sa bude kona\u0165 &hellip; <a href=\"https:\/\/blazejstrba.eu\/it\/mysterium-viery-umelecky\/\" class=\"more-link\">Continue reading <span class=\"screen-reader-text\">Myst\u00e9rium viery umelecky<\/span> <span class=\"meta-nav\">&rarr;<\/span><\/a><\/p>\n","protected":false},"author":2,"featured_media":0,"comment_status":"closed","ping_status":"open","sticky":false,"template":"","format":"standard","meta":{"footnotes":""},"categories":[5],"tags":[],"translation":{"provider":"WPGlobus","version":"3.0.0","language":"it","enabled_languages":["sk","en","it"],"languages":{"sk":{"title":true,"content":true,"excerpt":false},"en":{"title":false,"content":false,"excerpt":false},"it":{"title":false,"content":false,"excerpt":false}}},"_links":{"self":[{"href":"https:\/\/blazejstrba.eu\/it\/wp-json\/wp\/v2\/posts\/2623"}],"collection":[{"href":"https:\/\/blazejstrba.eu\/it\/wp-json\/wp\/v2\/posts"}],"about":[{"href":"https:\/\/blazejstrba.eu\/it\/wp-json\/wp\/v2\/types\/post"}],"author":[{"embeddable":true,"href":"https:\/\/blazejstrba.eu\/it\/wp-json\/wp\/v2\/users\/2"}],"replies":[{"embeddable":true,"href":"https:\/\/blazejstrba.eu\/it\/wp-json\/wp\/v2\/comments?post=2623"}],"version-history":[{"count":5,"href":"https:\/\/blazejstrba.eu\/it\/wp-json\/wp\/v2\/posts\/2623\/revisions"}],"predecessor-version":[{"id":2629,"href":"https:\/\/blazejstrba.eu\/it\/wp-json\/wp\/v2\/posts\/2623\/revisions\/2629"}],"wp:attachment":[{"href":"https:\/\/blazejstrba.eu\/it\/wp-json\/wp\/v2\/media?parent=2623"}],"wp:term":[{"taxonomy":"category","embeddable":true,"href":"https:\/\/blazejstrba.eu\/it\/wp-json\/wp\/v2\/categories?post=2623"},{"taxonomy":"post_tag","embeddable":true,"href":"https:\/\/blazejstrba.eu\/it\/wp-json\/wp\/v2\/tags?post=2623"}],"curies":[{"name":"wp","href":"https:\/\/api.w.org\/{rel}","templated":true}]}}