{"id":2560,"date":"2012-06-14T09:06:43","date_gmt":"2012-06-14T07:06:43","guid":{"rendered":"http:\/\/www.blazejstrba.eu\/?p=2560"},"modified":"2012-06-19T09:13:13","modified_gmt":"2012-06-19T07:13:13","slug":"2560","status":"publish","type":"post","link":"https:\/\/blazejstrba.eu\/it\/2560\/","title":{"rendered":"Teol\u00f3gia pre tret\u00ed vek v Banskej Bystrici &#8211; Bad\u00edne"},"content":{"rendered":"<figure id=\"attachment_2561\" aria-describedby=\"caption-attachment-2561\" style=\"width: 150px\" class=\"wp-caption alignleft\"><a href=\"http:\/\/www.blazejstrba.eu\/wp-content\/uploads\/LOGO-Centrum-DV.jpg\"><img loading=\"lazy\" decoding=\"async\" class=\"size-thumbnail wp-image-2561\" title=\"LOGO-Centrum DV\" src=\"http:\/\/www.blazejstrba.eu\/wp-content\/uploads\/LOGO-Centrum-DV-150x150.jpg\" alt=\"\" width=\"150\" height=\"150\" srcset=\"https:\/\/blazejstrba.eu\/wp-content\/uploads\/LOGO-Centrum-DV-150x150.jpg 150w, https:\/\/blazejstrba.eu\/wp-content\/uploads\/LOGO-Centrum-DV.jpg 160w\" sizes=\"(max-width: 150px) 100vw, 150px\" \/><\/a><figcaption id=\"caption-attachment-2561\" class=\"wp-caption-text\">Logo - Centrum \u010fal\u0161ieho vzdel\u00e1vania UK<\/figcaption><\/figure>\n<p><strong>Teologick\u00fd in\u0161tit\u00fat RKCMBF Univerzity Komensk\u00e9ho pri K\u0148azskom semin\u00e1ri sv. Franti\u0161ka Xaversk\u00e9ho v\u00a0Banskej Bystrici \u2013 Bad\u00edne<\/strong> otv\u00e1ra v\u00a0akademickom roku 2012\/2013 v\u00a0r\u00e1mci <span style=\"color: #993366;\"><strong>celo\u017eivotn\u00e9ho vzdel\u00e1vania univerzity tretieho veku<\/strong><\/span> <strong><em>V\u0161eobecn\u00fd ro\u010dn\u00edk<\/em><\/strong>, po ktor\u00e9ho skon\u010den\u00ed bud\u00fa ma\u0165 \u0161tudenti mo\u017enos\u0165 vybra\u0165 si \u0161tudijn\u00fd odbor, v\u00a0ktorom bud\u00fa pokra\u010dova\u0165 v\u00a0\u0161t\u00fadiu \u010fal\u0161ie dva akademick\u00e9 roky.<\/p>\n<p>Viac na <a href=\"http:\/\/www.xaver.sk\/\">www.xaver.sk<\/a>.<\/p>\n","protected":false},"excerpt":{"rendered":"<p>Teologick\u00fd in\u0161tit\u00fat RKCMBF Univerzity Komensk\u00e9ho pri K\u0148azskom semin\u00e1ri sv. Franti\u0161ka Xaversk\u00e9ho v\u00a0Banskej Bystrici \u2013 Bad\u00edne otv\u00e1ra v\u00a0akademickom roku 2012\/2013 v\u00a0r\u00e1mci celo\u017eivotn\u00e9ho vzdel\u00e1vania univerzity tretieho veku V\u0161eobecn\u00fd ro\u010dn\u00edk, po ktor\u00e9ho skon\u010den\u00ed bud\u00fa ma\u0165 \u0161tudenti mo\u017enos\u0165 vybra\u0165 si \u0161tudijn\u00fd odbor, v\u00a0ktorom bud\u00fa pokra\u010dova\u0165 v\u00a0\u0161t\u00fadiu \u010fal\u0161ie dva akademick\u00e9 roky. Viac na www.xaver.sk.<\/p>\n","protected":false},"author":2,"featured_media":0,"comment_status":"closed","ping_status":"open","sticky":false,"template":"","format":"standard","meta":{"footnotes":""},"categories":[5],"tags":[],"translation":{"provider":"WPGlobus","version":"3.0.0","language":"it","enabled_languages":["sk","en","it"],"languages":{"sk":{"title":true,"content":true,"excerpt":false},"en":{"title":false,"content":false,"excerpt":false},"it":{"title":false,"content":false,"excerpt":false}}},"_links":{"self":[{"href":"https:\/\/blazejstrba.eu\/it\/wp-json\/wp\/v2\/posts\/2560"}],"collection":[{"href":"https:\/\/blazejstrba.eu\/it\/wp-json\/wp\/v2\/posts"}],"about":[{"href":"https:\/\/blazejstrba.eu\/it\/wp-json\/wp\/v2\/types\/post"}],"author":[{"embeddable":true,"href":"https:\/\/blazejstrba.eu\/it\/wp-json\/wp\/v2\/users\/2"}],"replies":[{"embeddable":true,"href":"https:\/\/blazejstrba.eu\/it\/wp-json\/wp\/v2\/comments?post=2560"}],"version-history":[{"count":4,"href":"https:\/\/blazejstrba.eu\/it\/wp-json\/wp\/v2\/posts\/2560\/revisions"}],"predecessor-version":[{"id":2563,"href":"https:\/\/blazejstrba.eu\/it\/wp-json\/wp\/v2\/posts\/2560\/revisions\/2563"}],"wp:attachment":[{"href":"https:\/\/blazejstrba.eu\/it\/wp-json\/wp\/v2\/media?parent=2560"}],"wp:term":[{"taxonomy":"category","embeddable":true,"href":"https:\/\/blazejstrba.eu\/it\/wp-json\/wp\/v2\/categories?post=2560"},{"taxonomy":"post_tag","embeddable":true,"href":"https:\/\/blazejstrba.eu\/it\/wp-json\/wp\/v2\/tags?post=2560"}],"curies":[{"name":"wp","href":"https:\/\/api.w.org\/{rel}","templated":true}]}}