{"id":2538,"date":"2012-12-03T06:00:03","date_gmt":"2012-12-03T04:00:03","guid":{"rendered":"http:\/\/www.blazejstrba.eu\/?p=2538"},"modified":"2012-12-11T21:37:59","modified_gmt":"2012-12-11T19:37:59","slug":"biblicky-vikend-krasa-a-krutost-biblie","status":"publish","type":"post","link":"https:\/\/blazejstrba.eu\/it\/biblicky-vikend-krasa-a-krutost-biblie\/","title":{"rendered":"Kr\u00e1sa a krutos\u0165 Biblie u benedikt\u00ednov"},"content":{"rendered":"<figure id=\"attachment_2542\" aria-describedby=\"caption-attachment-2542\" style=\"width: 150px\" class=\"wp-caption alignleft\"><a href=\"http:\/\/www.blazejstrba.eu\/wp-content\/uploads\/Ex-37-Margrit-ROUSSOS.jpg\"><img loading=\"lazy\" decoding=\"async\" class=\"size-thumbnail wp-image-2542\" title=\"Ex 3,7 - (Margrit ROUSSOS)\" src=\"http:\/\/www.blazejstrba.eu\/wp-content\/uploads\/Ex-37-Margrit-ROUSSOS-150x150.jpg\" alt=\"\" width=\"150\" height=\"150\" \/><\/a><figcaption id=\"caption-attachment-2542\" class=\"wp-caption-text\">Boh zachra\u0148uje svoj \u013eud (Margrit ROUSSOS)<\/figcaption><\/figure>\n<p><strong>Biblick\u00fd v\u00edkend pre milovn\u00edkov Biblie u benedikt\u00ednov<br \/>\n<\/strong><\/p>\n<p>V d\u0148och <strong>14. &#8211; 16. decembra<\/strong> <strong>2012<\/strong> sa v Kl\u00e1\u0161tore Premenia P\u00e1na m\u00f4\u017eu milovn\u00edci Biblie hlb\u0161ie a osobnej\u0161ie zozn\u00e1mi\u0165 s Sv\u00e4t\u00fdm p\u00edsmom po\u010das biblick\u00e9ho v\u00edkendu na t\u00e9mu <span style=\"color: #800000;\"><strong>Kr\u00e1sa a krutos\u0165 Biblie<\/strong><\/span> (<a href=\"http:\/\/www.blazejstrba.eu\/?file_id=99\" target=\"_blank\"><strong>plag\u00e1t<\/strong><\/a> a <strong><span style=\"color: #993366;\">aktualizovan<\/span><\/strong><strong><span style=\"color: #993366;\">\u00fd<\/span> <\/strong><a href=\"http:\/\/www.blazejstrba.eu\/?file_id=106\"><strong>program<\/strong>).<\/a><\/p>\n<p><span style=\"color: #993366;\"><strong>Listovanie Bibliou<\/strong><\/span> je pomenovanie biblick\u00fdch v\u00edkendov s predn\u00e1\u0161kami, diskusiou a modlitbou. Tak\u00fdto biblick\u00fd v\u00edkend je mo\u017enos\u0165ou pre <strong><em>milovn\u00edkov Biblie <\/em><\/strong>ako sa <!--more-->zbl\u00ed\u017ei\u0165 s Bibliou a Bo\u017e\u00edm slovom, ktor\u00e9 n\u00e1m Boh zanech\u00e1va v P\u00edsme sv\u00e4tom. Cie\u013eom je u\u010di\u0165 sa listova\u0165, pozorne \u010d\u00edta\u0165 a kres\u0165ansky ch\u00e1pa\u0165 Sv\u00e4t\u00e9 p\u00edsmo a \u017ei\u0165 posolstvo Bo\u017eieho slova s \u00fa\u017eitkom pre seba ale i pre spolo\u010denstvo, v ktorom veriaci \u017eije.<\/p>\n<p><span style=\"color: #993366;\">Listovanie Bibliou<\/span> sa zameriava na niektor\u00e9 t\u00e9my a problematiku z Biblie alebo na niektor\u00e9 Knihy \u010di biblick\u00e9 postavy osve.\u00a0 S\u00e9ria predn\u00e1\u0161ok a diskusi\u00ed bude veden\u00e1 \u013eu\u010fmi, ktor\u00ed pracuj\u00fa i odborne so Sv\u00e4t\u00fdm p\u00edsmom a v\u00edkend je prirodzene sp\u00e4t\u00fd s modlitbou i oddychom. Za\u010d\u00edna sa v piatok ve\u010der o 18.00 a kon\u010d\u00ed sa nede\u013eu obedom.<\/p>\n<p>Listovanie Bibliou na t\u00e9mu Kr\u00e1sy a krutosti Biblie sa uskuto\u010dn\u00ed v benedikt\u00ednskom kl\u00e1\u0161tore v Sampor. <strong>Viac inform\u00e1ci\u00ed a prihlasovanie<\/strong> na: <a href=\"mailto:info@rodinkovo.sk\"><strong>frantisek@benediktini.sk<\/strong><\/a> alebo na mobilnom \u010d\u00edsle <strong>0910 655 737<\/strong>.<\/p>\n<p>&nbsp;<\/p>\n","protected":false},"excerpt":{"rendered":"<p>Biblick\u00fd v\u00edkend pre milovn\u00edkov Biblie u benedikt\u00ednov V d\u0148och 14. &#8211; 16. decembra 2012 sa v Kl\u00e1\u0161tore Premenia P\u00e1na m\u00f4\u017eu milovn\u00edci Biblie hlb\u0161ie a osobnej\u0161ie zozn\u00e1mi\u0165 s Sv\u00e4t\u00fdm p\u00edsmom po\u010das biblick\u00e9ho v\u00edkendu na t\u00e9mu Kr\u00e1sa a krutos\u0165 Biblie (plag\u00e1t a aktualizovan\u00fd program). Listovanie Bibliou je pomenovanie biblick\u00fdch v\u00edkendov s predn\u00e1\u0161kami, diskusiou a modlitbou. Tak\u00fdto biblick\u00fd &hellip; <a href=\"https:\/\/blazejstrba.eu\/it\/biblicky-vikend-krasa-a-krutost-biblie\/\" class=\"more-link\">Continue reading <span class=\"screen-reader-text\">Kr\u00e1sa a krutos\u0165 Biblie u benedikt\u00ednov<\/span> <span class=\"meta-nav\">&rarr;<\/span><\/a><\/p>\n","protected":false},"author":2,"featured_media":0,"comment_status":"closed","ping_status":"open","sticky":false,"template":"","format":"standard","meta":{"footnotes":""},"categories":[5],"tags":[],"translation":{"provider":"WPGlobus","version":"3.0.0","language":"it","enabled_languages":["sk","en","it"],"languages":{"sk":{"title":true,"content":true,"excerpt":false},"en":{"title":false,"content":false,"excerpt":false},"it":{"title":false,"content":false,"excerpt":false}}},"_links":{"self":[{"href":"https:\/\/blazejstrba.eu\/it\/wp-json\/wp\/v2\/posts\/2538"}],"collection":[{"href":"https:\/\/blazejstrba.eu\/it\/wp-json\/wp\/v2\/posts"}],"about":[{"href":"https:\/\/blazejstrba.eu\/it\/wp-json\/wp\/v2\/types\/post"}],"author":[{"embeddable":true,"href":"https:\/\/blazejstrba.eu\/it\/wp-json\/wp\/v2\/users\/2"}],"replies":[{"embeddable":true,"href":"https:\/\/blazejstrba.eu\/it\/wp-json\/wp\/v2\/comments?post=2538"}],"version-history":[{"count":39,"href":"https:\/\/blazejstrba.eu\/it\/wp-json\/wp\/v2\/posts\/2538\/revisions"}],"predecessor-version":[{"id":2541,"href":"https:\/\/blazejstrba.eu\/it\/wp-json\/wp\/v2\/posts\/2538\/revisions\/2541"}],"wp:attachment":[{"href":"https:\/\/blazejstrba.eu\/it\/wp-json\/wp\/v2\/media?parent=2538"}],"wp:term":[{"taxonomy":"category","embeddable":true,"href":"https:\/\/blazejstrba.eu\/it\/wp-json\/wp\/v2\/categories?post=2538"},{"taxonomy":"post_tag","embeddable":true,"href":"https:\/\/blazejstrba.eu\/it\/wp-json\/wp\/v2\/tags?post=2538"}],"curies":[{"name":"wp","href":"https:\/\/api.w.org\/{rel}","templated":true}]}}