{"id":2529,"date":"2012-09-18T07:17:52","date_gmt":"2012-09-18T05:17:52","guid":{"rendered":"http:\/\/www.blazejstrba.eu\/?p=2529"},"modified":"2012-09-21T18:52:27","modified_gmt":"2012-09-21T16:52:27","slug":"utrpenie-spravodliveho-a-j-valko","status":"publish","type":"post","link":"https:\/\/blazejstrba.eu\/it\/utrpenie-spravodliveho-a-j-valko\/","title":{"rendered":"Utrpenie spravodliv\u00e9ho a J. V\u00e1lko"},"content":{"rendered":"<figure id=\"attachment_2637\" aria-describedby=\"caption-attachment-2637\" style=\"width: 150px\" class=\"wp-caption alignleft\"><a href=\"http:\/\/www.blazejstrba.eu\/wp-content\/uploads\/Zalm-7313-ciste-srdce.jpg\"><img loading=\"lazy\" decoding=\"async\" class=\"size-thumbnail wp-image-2637\" title=\"\u010cist\u00e9 srdce (Z 73,13)\" src=\"http:\/\/www.blazejstrba.eu\/wp-content\/uploads\/Zalm-7313-ciste-srdce-150x150.jpg\" alt=\"\" width=\"150\" height=\"150\" \/><\/a><figcaption id=\"caption-attachment-2637\" class=\"wp-caption-text\">Obraz \u010dist\u00e9ho kr\u00e1\u013eovsk\u00e9ho srdca (Z 73,13)<\/figcaption><\/figure>\n<p><strong>Druh\u00fd ro\u010dn\u00edk cyklu tematick\u00fdch ve\u010derov <em>Slovom \u017ealmu k jubileu<\/em> pokra\u010doval v\u00a0pondelok 17. septembra 2012 v\u00a0K\u0148azskom semin\u00e1ri sv. Franti\u0161ka Xaversk\u00e9ho v\u00a0Banskej Bystrici \u2013 Bad\u00edne siedmym stretnut\u00edm. Jeho t\u00e9mami boli osobnos\u0165 k\u0148aza Jozefa Valka a\u00a0<em>\u017dalm<\/em> 73 s\u00a0podtitulom <em>Pre\u010do trp\u00ed spravodliv\u00fd<\/em>. <\/strong><\/p>\n<p>Po modlitbe ve\u0161pier v\u00a0semin\u00e1rnom kostole, ktorej predsedal rektor semin\u00e1ra J\u00e1n Vigla\u0161, <!--more-->predstavil <strong>Mons. Jozefa Valka<\/strong> banskobystrick\u00fd dekan a\u00a0diec\u00e9zny s\u00fadny vik\u00e1r Mons. Jaroslav Pecha. Predn\u00e1\u0161aj\u00faci zar\u00e1mcoval \u010das jeho \u017eivota (1943 \u2013 1993) ako dobu, ktor\u00fa charakterizoval najprv intenz\u00edvny n\u00e1bo\u017eensk\u00fd \u017eivot pred vojnou a\u00a0potom neb\u00fdval\u00fd \u00fatlak v\u0161etk\u00e9ho, \u010do s\u00faviselo s\u00a0n\u00e1bo\u017eenstvom, po n\u00e1stupe komunizmu. Napriek tomu sa Jozef Valko anga\u017eoval pri v\u00fdchove ml\u00e1de\u017ee a\u00a0s\u00a0obdivom k\u00a0met\u00f3dam jezuitu Tomislava Kolakovi\u010da rozv\u00edjal aktivity v\u00a0jeho hnut\u00ed Rodina. Ako sa p\u00ed\u0161e v\u00a0rozsudku, pod\u013ea ktor\u00e9ho ho \u0161t\u00e1tne org\u00e1ny ods\u00fadili za vlastizradu, \u201ezakladal kr\u00fa\u017eky s\u00a0mlad\u00fdmi, kde rozv\u00edjal rozkladn\u00fa \u010dinnos\u0165\u201c. Za toto bol v\u00e4znen\u00fd a\u00a0trest si odpyk\u00e1val aj v\u00a0ur\u00e1nov\u00fdch baniach v\u00a0J\u00e1chymove. Jozef Valko figuroval medzi k\u0148azmi, navrhnut\u00fdmi v\u00a0roku 1972 na banskobystrick\u00e9ho biskupa. V\u00a0predn\u00e1\u0161ke zazneli aj svedectv\u00e1 \u017eiakov Mons. Valka, v\u00a0ktor\u00fdch sa spom\u00edna: \u201eBol to k\u0148az pevn\u00fdch z\u00e1sad, de\u0165om odmala v\u0161tepoval \u017eiv\u00fa vieru. U\u010dil n\u00e1s pozn\u00e1va\u0165 a\u00a0pre\u017e\u00edva\u0165 liturgiu.\u201c Mons. Pecha, niekdaj\u0161\u00ed martinsk\u00fd dekan, uviedol na z\u00e1ver o\u00a0\u0148om z\u00e1sadn\u00e9 slov\u00e1: \u201eBol to mu\u017e sv\u00e4t\u00e9ho \u017eivota a ovoc\u00edm jeho pastora\u010dnej \u010dinnosti s\u00fa mnoh\u00e9 povolania.\u201c Tematick\u00e9ho ve\u010dera sa v\u00a0hojnom po\u010dte z\u00fa\u010dastnili aj veriaci z\u00a0Kl\u00e1\u0161tora pod Znievom, kde bol Jozef Valko 23 rokov far\u00e1rom.<\/p>\n<p>Biblista Bla\u017eej \u0160trba v\u00a0druhej predn\u00e1\u0161ke ve\u010dera predstavil <strong><em>\u017dalm<\/em> 73<\/strong> <strong><\/strong> (powepointov\u00e1 <a href=\"http:\/\/www.blazejstrba.eu\/?file_id=101\">prezent\u00e1cia k \u017d 73<\/a>) ako pr\u00edklad obnovenia viery v\u00a0Boha: \u201eJav\u00ed sa ako vyznanie, ktor\u00e9 sa rod\u00ed z\u00a0hlbokej vn\u00fatornej kr\u00edzy.\u201c Tento 73. \u017ealm za\u010d\u00edna 3. knihu \u017dalt\u00e1ra (73 \u2013 89) i\u00a0skupinu tzv. Asafov\u00fdch \u017ealmov (73 \u2013 83). \u201e\u017dalmista sa tak st\u00e1va vzorom pre cel\u00fa komunitu modliacich sa v\u00a0nasleduj\u00facich Asafov\u00fdch \u017ealmoch.\u201c Pod\u013ea vdp. \u0160trbu je \u017ealm sk\u013aben\u00edm chv\u00e1lospevu, \u017ealospevu a\u00a0m\u00fadroslovnej b\u00e1sne.<\/p>\n<p>T\u00e9mou najbli\u017e\u0161ieho stretnutia, ktor\u00e9 sa uskuto\u010dn\u00ed 15. okt\u00f3bra 2012<strong>,<\/strong> bude osobnos\u0165 k\u0148aza a\u00a0mision\u00e1ra Juraja Vojen\u010diaka SVD, ktor\u00e9ho predstav\u00ed provinci\u00e1l rehole verbistov J\u00e1n Halama. Predmetom\u00a0biblickej predn\u00e1\u0161ky bude anal\u00fdza <em>\u017dalmu<\/em> 80 s\u00a0podtitulom <em>Presaden\u00e1 Bo\u017eia vinica<\/em>.<\/p>\n<p>Stretnutia <em>Slovom \u017ealmu k jubileu<\/em> sa konaj\u00fa v\u00a0K\u0148azskom semin\u00e1ri sv. Franti\u0161ka Xaversk\u00e9ho v Banskej Bystrici \u2013 Bad\u00edne v\u00a0spolupr\u00e1ci s\u00a0Katedrou biblick\u00fdch vied na RKCMBF UK ako pr\u00edprava na jubileum 1150. v\u00fdro\u010dia pr\u00edchodu slovansk\u00fdch vierozvestov na Ve\u013ek\u00fa Moravu (863) a\u00a0ako aktivita v\u00a0prebiehaj\u00facom Roku sv. Cyrila a\u00a0Metoda.<\/p>\n<p>Zvukov\u00fa nahr\u00e1vku a prezent\u00e1ciu z\u00a0posledn\u00e9ho, ale aj z\u00a0predch\u00e1dzaj\u00facich ve\u010derov, m\u00f4\u017eete n\u00e1js\u0165 na str\u00e1nke K\u0148azsk\u00e9ho semin\u00e1ra: <a href=\"http:\/\/www.xaver.sk\">www.xaver.sk<\/a><\/p>\n<p style=\"text-align: right;\">Du\u0161an Ron\u010d\u00e1k<\/p>\n","protected":false},"excerpt":{"rendered":"<p>Druh\u00fd ro\u010dn\u00edk cyklu tematick\u00fdch ve\u010derov Slovom \u017ealmu k jubileu pokra\u010doval v\u00a0pondelok 17. septembra 2012 v\u00a0K\u0148azskom semin\u00e1ri sv. Franti\u0161ka Xaversk\u00e9ho v\u00a0Banskej Bystrici \u2013 Bad\u00edne siedmym stretnut\u00edm. Jeho t\u00e9mami boli osobnos\u0165 k\u0148aza Jozefa Valka a\u00a0\u017dalm 73 s\u00a0podtitulom Pre\u010do trp\u00ed spravodliv\u00fd. Po modlitbe ve\u0161pier v\u00a0semin\u00e1rnom kostole, ktorej predsedal rektor semin\u00e1ra J\u00e1n Vigla\u0161,<\/p>\n","protected":false},"author":2,"featured_media":0,"comment_status":"closed","ping_status":"open","sticky":false,"template":"","format":"standard","meta":{"footnotes":""},"categories":[5],"tags":[],"translation":{"provider":"WPGlobus","version":"3.0.0","language":"it","enabled_languages":["sk","en","it"],"languages":{"sk":{"title":true,"content":true,"excerpt":false},"en":{"title":false,"content":false,"excerpt":false},"it":{"title":false,"content":false,"excerpt":false}}},"_links":{"self":[{"href":"https:\/\/blazejstrba.eu\/it\/wp-json\/wp\/v2\/posts\/2529"}],"collection":[{"href":"https:\/\/blazejstrba.eu\/it\/wp-json\/wp\/v2\/posts"}],"about":[{"href":"https:\/\/blazejstrba.eu\/it\/wp-json\/wp\/v2\/types\/post"}],"author":[{"embeddable":true,"href":"https:\/\/blazejstrba.eu\/it\/wp-json\/wp\/v2\/users\/2"}],"replies":[{"embeddable":true,"href":"https:\/\/blazejstrba.eu\/it\/wp-json\/wp\/v2\/comments?post=2529"}],"version-history":[{"count":10,"href":"https:\/\/blazejstrba.eu\/it\/wp-json\/wp\/v2\/posts\/2529\/revisions"}],"predecessor-version":[{"id":2653,"href":"https:\/\/blazejstrba.eu\/it\/wp-json\/wp\/v2\/posts\/2529\/revisions\/2653"}],"wp:attachment":[{"href":"https:\/\/blazejstrba.eu\/it\/wp-json\/wp\/v2\/media?parent=2529"}],"wp:term":[{"taxonomy":"category","embeddable":true,"href":"https:\/\/blazejstrba.eu\/it\/wp-json\/wp\/v2\/categories?post=2529"},{"taxonomy":"post_tag","embeddable":true,"href":"https:\/\/blazejstrba.eu\/it\/wp-json\/wp\/v2\/tags?post=2529"}],"curies":[{"name":"wp","href":"https:\/\/api.w.org\/{rel}","templated":true}]}}