{"id":2522,"date":"2012-06-03T10:45:39","date_gmt":"2012-06-03T08:45:39","guid":{"rendered":"http:\/\/www.blazejstrba.eu\/?p=2522"},"modified":"2012-06-03T10:50:24","modified_gmt":"2012-06-03T08:50:24","slug":"trojica-v-obrazoch","status":"publish","type":"post","link":"https:\/\/blazejstrba.eu\/it\/trojica-v-obrazoch\/","title":{"rendered":"Trojica v obrazoch"},"content":{"rendered":"<figure id=\"attachment_2523\" aria-describedby=\"caption-attachment-2523\" style=\"width: 150px\" class=\"wp-caption alignleft\"><a href=\"http:\/\/www.blazejstrba.eu\/wp-content\/uploads\/TROJICA-El-Greco-1577-detail.jpg\"><img loading=\"lazy\" decoding=\"async\" class=\"size-thumbnail wp-image-2523\" title=\"TROJICA (El Greco, 1577) -detail\" src=\"http:\/\/www.blazejstrba.eu\/wp-content\/uploads\/TROJICA-El-Greco-1577-detail-150x150.jpg\" alt=\"\" width=\"150\" height=\"150\" \/><\/a><figcaption id=\"caption-attachment-2523\" class=\"wp-caption-text\">TROJICA (El Greco, 1577) -detail<\/figcaption><\/figure>\n<p>Sl\u00e1vnos\u0165 Najsv\u00e4tej\u0161ej Trojice je ur\u010dit\u00fdm zav\u0155\u0161en\u00edm kres\u0165ansk\u00e9ho liturgick\u00e9ho roku &#8211; sumarizuje toti\u017e radosti troch mimoriadnych sl\u00e1vnost\u00ed &#8211; Vianoc, Ve\u013ekej noci a Tur\u00edc. R\u00e1d by som pripomenul ve\u013ek\u00e9 svedectvo vyzn\u00e1va\u010da na\u0161ej viery a m\u00f4jho priate\u013ea<a href=\"http:\/\/www.youtube.com\/watch?v=sPDIwcJORFg\"> o. Ragheeda Ganniho<\/a>, ktor\u00fd pred 5 rokmi polo\u017eil \u017eivot za vieru v Najsv\u00e4tej\u0161iu trojicu. Na spom\u00ednan\u00e9ho vyznava\u010d a mu\u010den\u00edka sme pam\u00e4tali aj na Eucharistickej sl\u00e1vnosti v K\u0148azskom semin\u00e1ri Sv. Franti\u0161ka Xaversk\u00e9ho, ke\u010f sme h\u013eadeli na <a href=\"http:\/\/www.blazejstrba.eu\/?file_id=91\">vyobrazenia Najsv\u00e4tej\u0161ej trojice<\/a>.<\/p>\n","protected":false},"excerpt":{"rendered":"<p>Sl\u00e1vnos\u0165 Najsv\u00e4tej\u0161ej Trojice je ur\u010dit\u00fdm zav\u0155\u0161en\u00edm kres\u0165ansk\u00e9ho liturgick\u00e9ho roku &#8211; sumarizuje toti\u017e radosti troch mimoriadnych sl\u00e1vnost\u00ed &#8211; Vianoc, Ve\u013ekej noci a Tur\u00edc. R\u00e1d by som pripomenul ve\u013ek\u00e9 svedectvo vyzn\u00e1va\u010da na\u0161ej viery a m\u00f4jho priate\u013ea o. Ragheeda Ganniho, ktor\u00fd pred 5 rokmi polo\u017eil \u017eivot za vieru v Najsv\u00e4tej\u0161iu trojicu. Na spom\u00ednan\u00e9ho vyznava\u010d a mu\u010den\u00edka sme pam\u00e4tali &hellip; <a href=\"https:\/\/blazejstrba.eu\/it\/trojica-v-obrazoch\/\" class=\"more-link\">Continue reading <span class=\"screen-reader-text\">Trojica v obrazoch<\/span> <span class=\"meta-nav\">&rarr;<\/span><\/a><\/p>\n","protected":false},"author":2,"featured_media":0,"comment_status":"closed","ping_status":"open","sticky":false,"template":"","format":"standard","meta":{"footnotes":""},"categories":[5],"tags":[],"translation":{"provider":"WPGlobus","version":"3.0.0","language":"it","enabled_languages":["sk","en","it"],"languages":{"sk":{"title":true,"content":true,"excerpt":false},"en":{"title":false,"content":false,"excerpt":false},"it":{"title":false,"content":false,"excerpt":false}}},"_links":{"self":[{"href":"https:\/\/blazejstrba.eu\/it\/wp-json\/wp\/v2\/posts\/2522"}],"collection":[{"href":"https:\/\/blazejstrba.eu\/it\/wp-json\/wp\/v2\/posts"}],"about":[{"href":"https:\/\/blazejstrba.eu\/it\/wp-json\/wp\/v2\/types\/post"}],"author":[{"embeddable":true,"href":"https:\/\/blazejstrba.eu\/it\/wp-json\/wp\/v2\/users\/2"}],"replies":[{"embeddable":true,"href":"https:\/\/blazejstrba.eu\/it\/wp-json\/wp\/v2\/comments?post=2522"}],"version-history":[{"count":5,"href":"https:\/\/blazejstrba.eu\/it\/wp-json\/wp\/v2\/posts\/2522\/revisions"}],"predecessor-version":[{"id":2525,"href":"https:\/\/blazejstrba.eu\/it\/wp-json\/wp\/v2\/posts\/2522\/revisions\/2525"}],"wp:attachment":[{"href":"https:\/\/blazejstrba.eu\/it\/wp-json\/wp\/v2\/media?parent=2522"}],"wp:term":[{"taxonomy":"category","embeddable":true,"href":"https:\/\/blazejstrba.eu\/it\/wp-json\/wp\/v2\/categories?post=2522"},{"taxonomy":"post_tag","embeddable":true,"href":"https:\/\/blazejstrba.eu\/it\/wp-json\/wp\/v2\/tags?post=2522"}],"curies":[{"name":"wp","href":"https:\/\/api.w.org\/{rel}","templated":true}]}}