{"id":2487,"date":"2012-05-23T15:50:58","date_gmt":"2012-05-23T13:50:58","guid":{"rendered":"http:\/\/www.blazejstrba.eu\/?p=2487"},"modified":"2012-05-25T09:19:42","modified_gmt":"2012-05-25T07:19:42","slug":"modlitba-rozochveleho-srdca-z-61","status":"publish","type":"post","link":"https:\/\/blazejstrba.eu\/it\/modlitba-rozochveleho-srdca-z-61\/","title":{"rendered":"Modlitba rozochvel\u00e9ho srdca (\u017d 61)"},"content":{"rendered":"<figure id=\"attachment_1790\" aria-describedby=\"caption-attachment-1790\" style=\"width: 150px\" class=\"wp-caption alignleft\"><a href=\"http:\/\/www.blazejstrba.eu\/wp-content\/uploads\/Srdcov\u00e1-pr\u00edhoda-\u017d-277-8.jpg\"><img loading=\"lazy\" decoding=\"async\" class=\"size-thumbnail wp-image-1790\" title=\"Ubolen\u00e9 rozochven\u00e9 srdce (\u017d 61)\" src=\"http:\/\/www.blazejstrba.eu\/wp-content\/uploads\/Srdcov\u00e1-pr\u00edhoda-\u017d-277-8-150x150.jpg\" alt=\"\" width=\"150\" height=\"150\" \/><\/a><figcaption id=\"caption-attachment-1790\" class=\"wp-caption-text\">Ubolen\u00e9 rozochven\u00e9 srdce (\u017d 61)<\/figcaption><\/figure>\n<p>V pondelok <strong>4. j\u00fana 2012<\/strong> Benedikt\u00edni <em>Kl\u00e1\u0161tora Premenenia P\u00e1na<\/em> v dedinke Sampor bud\u00fa spolu s hos\u0165ami \u010d\u00edta\u0165 <strong><em>\u017dalm 61<\/em><\/strong>. Hodinov\u00e9 stretnutie sa za\u010dne kr\u00e1tkou modlitbou <strong>o 19.00 hod<\/strong> a bude venovan\u00e9 \u010d\u00edtaniu a komentovaniu spom\u00ednan\u00e9ho \u017ealmu. Na z\u00e1ver stretnutia bude spolo\u010dn\u00e1 modlitba \u2013 komplet\u00f3rium o 20.00 hod.<img decoding=\"async\" title=\"\u010c\u00edtajte \u010falej...\" src=\"http:\/\/www.blazejstrba.eu\/wp-includes\/js\/tinymce\/plugins\/wordpress\/img\/trans.gif\" alt=\"\" \/><\/p>\n<p><img decoding=\"async\" title=\"\u010c\u00edtajte \u010falej...\" src=\"http:\/\/www.blazejstrba.eu\/wp-includes\/js\/tinymce\/plugins\/wordpress\/img\/trans.gif\" alt=\"\" \/>S\u00e9ria \u00f4smich ve\u010derov PSSP do j\u00fana 2012, po\u010das ktor\u00fdch&#8230;<img decoding=\"async\" title=\"\u010c\u00edtajte \u010falej...\" src=\"http:\/\/www.blazejstrba.eu\/wp-includes\/js\/tinymce\/plugins\/wordpress\/img\/trans.gif\" alt=\"\" \/> <!--more-->sa \u010d\u00edta a vykladaj\u00fa state Sv\u00e4t\u00e9ho p\u00edsma, ostane vern\u00e1 zvolenej t\u00e9me \u2013 <strong>Knihe \u017ealmov<\/strong>. Teda i 2. ro\u010dn\u00edk<strong> \u2013 <\/strong>po\u010das akad. roka<strong> 2011-2012<\/strong> \u2013 zost\u00e1va zameran\u00fd na \u017dalt\u00e1r. Preberaj\u00fa sa v \u0148om vybran\u00e9 \u017ealmy a niektor\u00e9 t\u00e9my, ktor\u00e9 s nimi s\u00favisia.<\/p>\n<p><em><strong>Program stretnut\u00ed do j\u00fana 2012<\/strong><\/em><\/p>\n<p><span style=\"color: #808080;\">20.II.2012 \u2013 <strong>Prorock\u00fd v\u00fdrok proti mocichtiv\u00e9mu (\u017d 52)\u00a0<\/strong> (21. PSSP)<\/span><\/p>\n<p><span style=\"color: #808080;\">5.III.2012 \u2013 <strong>Bolestn\u00e9 konfront\u00e1cie (\u017d 53-54) <\/strong>(22. PSSP)<\/span><\/p>\n<p><span style=\"color: #808080;\">19.III.2012 \u2013 <strong>S\u00a0Bohom medzi levmi<\/strong> <strong>(\u017d 57) <\/strong>(23. PSSP)<\/span><\/p>\n<p><span style=\"color: #808080;\">23.IV.2012 \u2013<strong> Opojen\u00ed had\u00edm jedom (\u017d 58) <\/strong>(24. PSSP)<\/span><\/p>\n<p><span style=\"color: #808080;\">7.V.2012<strong> \u2013 Bolesti riskuj\u00faceho pre P\u00e1na (\u017d 69) <\/strong>(25. PSSP)<\/span><\/p>\n<p><span style=\"color: #808080;\">21.V.2012 \u2013 <strong>Presaden\u00e1 Bo\u017eia vinica (\u017d 80) <\/strong>(26. PSSP)<\/span><\/p>\n<p>4.VI.2012 \u2013 <span style=\"color: #008000;\"><strong>Modlitba rozochvel\u00e9ho srdca (\u017d 61) <\/strong><\/span>(27. PSSP)<\/p>\n<p>19.VI.2012 &#8211; <strong>Stato\u010dn\u00e9 srdcia oslavuj\u00fa P\u00e1na<\/strong> <strong>(\u017d 64)<\/strong> (28. PSSP)<\/p>\n","protected":false},"excerpt":{"rendered":"<p>V pondelok 4. j\u00fana 2012 Benedikt\u00edni Kl\u00e1\u0161tora Premenenia P\u00e1na v dedinke Sampor bud\u00fa spolu s hos\u0165ami \u010d\u00edta\u0165 \u017dalm 61. Hodinov\u00e9 stretnutie sa za\u010dne kr\u00e1tkou modlitbou o 19.00 hod a bude venovan\u00e9 \u010d\u00edtaniu a komentovaniu spom\u00ednan\u00e9ho \u017ealmu. Na z\u00e1ver stretnutia bude spolo\u010dn\u00e1 modlitba \u2013 komplet\u00f3rium o 20.00 hod. S\u00e9ria \u00f4smich ve\u010derov PSSP do j\u00fana 2012, po\u010das &hellip; <a href=\"https:\/\/blazejstrba.eu\/it\/modlitba-rozochveleho-srdca-z-61\/\" class=\"more-link\">Continue reading <span class=\"screen-reader-text\">Modlitba rozochvel\u00e9ho srdca (\u017d 61)<\/span> <span class=\"meta-nav\">&rarr;<\/span><\/a><\/p>\n","protected":false},"author":2,"featured_media":0,"comment_status":"closed","ping_status":"open","sticky":false,"template":"","format":"standard","meta":{"footnotes":""},"categories":[5],"tags":[],"translation":{"provider":"WPGlobus","version":"3.0.0","language":"it","enabled_languages":["sk","en","it"],"languages":{"sk":{"title":true,"content":true,"excerpt":false},"en":{"title":false,"content":false,"excerpt":false},"it":{"title":false,"content":false,"excerpt":false}}},"_links":{"self":[{"href":"https:\/\/blazejstrba.eu\/it\/wp-json\/wp\/v2\/posts\/2487"}],"collection":[{"href":"https:\/\/blazejstrba.eu\/it\/wp-json\/wp\/v2\/posts"}],"about":[{"href":"https:\/\/blazejstrba.eu\/it\/wp-json\/wp\/v2\/types\/post"}],"author":[{"embeddable":true,"href":"https:\/\/blazejstrba.eu\/it\/wp-json\/wp\/v2\/users\/2"}],"replies":[{"embeddable":true,"href":"https:\/\/blazejstrba.eu\/it\/wp-json\/wp\/v2\/comments?post=2487"}],"version-history":[{"count":8,"href":"https:\/\/blazejstrba.eu\/it\/wp-json\/wp\/v2\/posts\/2487\/revisions"}],"predecessor-version":[{"id":2517,"href":"https:\/\/blazejstrba.eu\/it\/wp-json\/wp\/v2\/posts\/2487\/revisions\/2517"}],"wp:attachment":[{"href":"https:\/\/blazejstrba.eu\/it\/wp-json\/wp\/v2\/media?parent=2487"}],"wp:term":[{"taxonomy":"category","embeddable":true,"href":"https:\/\/blazejstrba.eu\/it\/wp-json\/wp\/v2\/categories?post=2487"},{"taxonomy":"post_tag","embeddable":true,"href":"https:\/\/blazejstrba.eu\/it\/wp-json\/wp\/v2\/tags?post=2487"}],"curies":[{"name":"wp","href":"https:\/\/api.w.org\/{rel}","templated":true}]}}