{"id":2481,"date":"2012-05-20T15:25:58","date_gmt":"2012-05-20T13:25:58","guid":{"rendered":"http:\/\/www.blazejstrba.eu\/?p=2481"},"modified":"2012-06-03T09:19:27","modified_gmt":"2012-06-03T07:19:27","slug":"konferencia-zalmy-tehilim","status":"publish","type":"post","link":"https:\/\/blazejstrba.eu\/it\/konferencia-zalmy-tehilim\/","title":{"rendered":"Konferencia \u017dalmy &#8211; Tehil\u00edm"},"content":{"rendered":"<div lang=\"sk\"><a href=\"http:\/\/www.blazejstrba.eu\/wp-content\/uploads\/KZ-LOGO.jpg\"><img loading=\"lazy\" decoding=\"async\" class=\"alignleft  wp-image-2482\" title=\"KZ-LOGO\" src=\"http:\/\/www.blazejstrba.eu\/wp-content\/uploads\/KZ-LOGO-300x103.jpg\" alt=\"\" width=\"152\" height=\"52\" srcset=\"https:\/\/blazejstrba.eu\/wp-content\/uploads\/KZ-LOGO-300x103.jpg 300w, https:\/\/blazejstrba.eu\/wp-content\/uploads\/KZ-LOGO-1024x354.jpg 1024w, https:\/\/blazejstrba.eu\/wp-content\/uploads\/KZ-LOGO.jpg 1299w\" sizes=\"(max-width: 152px) 100vw, 152px\" \/><\/a>Kniha \u017ealmov obsahuje modlitby, ktor\u00fdmi sa po st\u00e1ro\u010dia k Bohu obracaj\u00fa \u017eidovsk\u00ed aj kres\u0165ansk\u00ed veriaci a prep\u00e1ja ich duchovn\u00fd svet. Konferencia organizovan\u00e1 pri pr\u00edle\u017eitosti za\u010datia pr\u00e1ce na koment\u00e1ri k \u017ealmom chce prinies\u0165 poh\u013eady vstupuj\u00face do sveta ich autorov ako aj neskor\u0161ej recepcie \u017ealmov v r\u00f4znych historick\u00fdch a kult\u00farnych kontextoch.<strong>Konferenciu s medzin\u00e1rodnou \u00fa\u010das\u0165ou<\/strong> na t\u00e9mu <span style=\"color: #800000;\"><strong><em>\u017dALMY \u2013 z poh\u013eadu ich autorov a neskor\u0161ej recepcie<\/em><\/strong><\/span> (<a href=\"http:\/\/biblica.sk\/wp-content\/plugins\/downloads-manager\/upload\/KZ-Plagat-SK-FINAL.JPG\" target=\"_blank\">plag\u00e1t<\/a>) organizuje RKCMBF UK v spolupr\u00e1ci s TF TU, TF KU a GTF PU a bude sa kona\u0165 v<strong> Bad\u00edne<\/strong> (SK) pri Banskej Bystrice v d\u0148och <strong>13.-14. septembra 2012<\/strong> (viac <a href=\"http:\/\/biblica.sk\/lang\/en\/prednasky\/conferences\/zalmy\/\">tu<\/a>).<\/div>\n<div lang=\"en\">\n<p>The Book of Psalms contains prayers, by means of which many Jewish and Christian believers turn to God and which links their spiritual lives. <strong>International conference<\/strong> on the occasion of the beginning of the work on the commentary on the Book of Psalms aims at bringing new views into both the world of the authors of the Psalms and the latter reception of Psalms in their different historical and cultural contexts.<\/p>\n<\/div>\n<div lang=\"en\">The international biblical meeting focussed on <span style=\"color: #800000;\"><strong><em>Psalms through the eyes of their authors and later reception<\/em><\/strong><\/span> is organized by the theological faculties of four Slovak Universities \u2013 Commenius University in Bratislava, Trnava University, The Catholic University in Ru\u017eomberok and University of Pre\u0161ov \u2013 in <strong>Bad\u00edn<\/strong>, <strong>September 13th \u2013 14th, 2012<\/strong>. <a href=\"http:\/\/biblica.sk\/lang\/en\/prednasky\/conferences\/zalmy\/\">Here <\/a>more information and <a href=\"http:\/\/biblica.sk\/wp-content\/plugins\/downloads-manager\/upload\/KZ-Plagat-ENGL-FINAL.jpg\" target=\"_blank\">poster<\/a>.<\/div>\n","protected":false},"excerpt":{"rendered":"<p>Kniha \u017ealmov obsahuje modlitby, ktor\u00fdmi sa po st\u00e1ro\u010dia k Bohu obracaj\u00fa \u017eidovsk\u00ed aj kres\u0165ansk\u00ed veriaci a prep\u00e1ja ich duchovn\u00fd svet. Konferencia organizovan\u00e1 pri pr\u00edle\u017eitosti za\u010datia pr\u00e1ce na koment\u00e1ri k \u017ealmom chce prinies\u0165 poh\u013eady vstupuj\u00face do sveta ich autorov ako aj neskor\u0161ej recepcie \u017ealmov v r\u00f4znych historick\u00fdch a kult\u00farnych kontextoch.Konferenciu s medzin\u00e1rodnou \u00fa\u010das\u0165ou na t\u00e9mu \u017dALMY &hellip; <a href=\"https:\/\/blazejstrba.eu\/it\/konferencia-zalmy-tehilim\/\" class=\"more-link\">Continue reading <span class=\"screen-reader-text\">Konferencia \u017dalmy &#8211; Tehil\u00edm<\/span> <span class=\"meta-nav\">&rarr;<\/span><\/a><\/p>\n","protected":false},"author":2,"featured_media":0,"comment_status":"closed","ping_status":"open","sticky":false,"template":"","format":"standard","meta":{"footnotes":""},"categories":[5],"tags":[],"translation":{"provider":"WPGlobus","version":"3.0.0","language":"it","enabled_languages":["sk","en","it"],"languages":{"sk":{"title":true,"content":true,"excerpt":false},"en":{"title":false,"content":false,"excerpt":false},"it":{"title":false,"content":false,"excerpt":false}}},"_links":{"self":[{"href":"https:\/\/blazejstrba.eu\/it\/wp-json\/wp\/v2\/posts\/2481"}],"collection":[{"href":"https:\/\/blazejstrba.eu\/it\/wp-json\/wp\/v2\/posts"}],"about":[{"href":"https:\/\/blazejstrba.eu\/it\/wp-json\/wp\/v2\/types\/post"}],"author":[{"embeddable":true,"href":"https:\/\/blazejstrba.eu\/it\/wp-json\/wp\/v2\/users\/2"}],"replies":[{"embeddable":true,"href":"https:\/\/blazejstrba.eu\/it\/wp-json\/wp\/v2\/comments?post=2481"}],"version-history":[{"count":23,"href":"https:\/\/blazejstrba.eu\/it\/wp-json\/wp\/v2\/posts\/2481\/revisions"}],"predecessor-version":[{"id":2498,"href":"https:\/\/blazejstrba.eu\/it\/wp-json\/wp\/v2\/posts\/2481\/revisions\/2498"}],"wp:attachment":[{"href":"https:\/\/blazejstrba.eu\/it\/wp-json\/wp\/v2\/media?parent=2481"}],"wp:term":[{"taxonomy":"category","embeddable":true,"href":"https:\/\/blazejstrba.eu\/it\/wp-json\/wp\/v2\/categories?post=2481"},{"taxonomy":"post_tag","embeddable":true,"href":"https:\/\/blazejstrba.eu\/it\/wp-json\/wp\/v2\/tags?post=2481"}],"curies":[{"name":"wp","href":"https:\/\/api.w.org\/{rel}","templated":true}]}}