{"id":2433,"date":"2012-05-02T00:10:38","date_gmt":"2012-05-01T22:10:38","guid":{"rendered":"http:\/\/www.blazejstrba.eu\/?p=2433"},"modified":"2012-05-15T17:49:57","modified_gmt":"2012-05-15T15:49:57","slug":"nadsenie-pre-bozi-dom-z-69","status":"publish","type":"post","link":"https:\/\/blazejstrba.eu\/it\/nadsenie-pre-bozi-dom-z-69\/","title":{"rendered":"Jozef Murga\u0161 a nad\u0161enie pre Bo\u017e\u00ed dom (\u017d 69)"},"content":{"rendered":"<p><a href=\"http:\/\/www.blazejstrba.eu\/nadsenie-pre-bozi-dom-z-69\/szkj-logo-biele\/\"><img loading=\"lazy\" decoding=\"async\" class=\"alignleft size-thumbnail wp-image-2460\" title=\"SZkJ-LOGO-biele\" src=\"http:\/\/www.blazejstrba.eu\/wp-content\/uploads\/SZkJ-LOGO-biele-150x150.gif\" alt=\"\" width=\"150\" height=\"150\" \/><\/a>\u00da\u010dastn\u00edci piateho stretnutia cyklu <em>Slovom \u017ealmu k\u00a0jubileu II<\/em> sa<strong> 14. m\u00e1ja 2012<\/strong> v\u00a0K\u0148azskom semin\u00e1ri sv. Franti\u0161ka Xaversk\u00e9ho v\u00a0Bad\u00edne zam\u00fd\u0161\u013eali nad osobnos\u0165ou k\u0148aza, umelca a\u00a0vyn\u00e1lezcu <strong>Jozefa Murga\u0161a<\/strong> a\u00a0v\u00fdkladom <strong>\u017dalmu 69<\/strong>.<\/p>\n<p><!--more-->Po modlitbe ve\u0161pier v\u00a0semin\u00e1rnom kostole, ktorej predsedal rektor semin\u00e1ra J\u00e1n Vigla\u0161, predstavil rev. Jozefa Murga\u0161a s\u00fa\u010dasn\u00fd far\u00e1r jeho rodnej obce Tajov Jozef Petr\u00edk. Predn\u00e1\u0161aj\u00faci vyzdvihol jeho k\u0148azsk\u00fa poslu\u0161nos\u0165, ke\u010f\u017ee viackr\u00e1t zanechal s\u013eubne rozbehnut\u00fa kari\u00e9ru maliara i\u00a0vyn\u00e1lezcu kv\u00f4li pokynom svojho biskupa. Murga\u0161 sa dostal do Ameriky v\u00a0\u010dase silnej\u00facej ma\u010fariz\u00e1cie ako nebezpe\u010dne akt\u00edvny v\u00a0n\u00e1rodnom \u017eivote. Tento rozmer svojej osobnosti rozvinul pr\u00e1ve v \u201ekrajine slobody\u201c a\u00a0zveren\u00e1 slovensk\u00e1 farnos\u0165 vo Wilkes-Barre za jeho p\u00f4sobenia rozkvitla. Murga\u0161 je zn\u00e1my najm\u00e4 ako vyn\u00e1lezca bezdr\u00f4tovej telegrafie, v\u00a0ktorej vyu\u017e\u00edval t\u00f3nov\u00fd syst\u00e9m prenosu. V\u00a0roku 1907 uskuto\u010dnil aj prv\u00fd hlasov\u00fd prenos a, ako zd\u00f4raznil vdp. Petr\u00edk, \u201ejeho patenty viedli k\u00a0tomu, \u017ee telegrafia sa postupne zmenila na r\u00e1diotelegrafiu.\u201c<\/p>\n<p>\u017dalm 69 uviedol biblista Jozef Jan\u010dovi\u010d ako osobn\u00fd \u017ealospev P\u00e1novho sluhu v\u00a0nebezpe\u010denstve. \u017dalm patr\u00ed do skupiny tzv. elohistick\u00fdch \u017ealmov, ke\u010f\u017ee ve\u013eakr\u00e1t pou\u017e\u00edva meno Boh (Eloh\u00edm). Novoz\u00e1konn\u00e9 spisy i\u00a0kres\u0165ansk\u00e1 trad\u00edcia \u017ealm sp\u00e1jaj\u00fa s\u00a0utrpen\u00edm Krista. Pod\u013ea slov predn\u00e1\u0161aj\u00faceho je \u201evhodn\u00fd na interpret\u00e1ciu Kristovho utrpenia\u201c a\u00a0podobne ako \u017dalm 22 je viackr\u00e1t citovan\u00fd aj v\u00a0evanjeli\u00e1ch. Ako P\u00e1novu modlitbu v\u00a0utrpen\u00ed ho vn\u00edmali aj cirkevn\u00ed otcovia. Hoci je \u017ealm v\u00a0nadpise pripisovan\u00fd D\u00e1vidovi, poch\u00e1dza z\u00a0neskor\u0161\u00edch d\u00f4b a\u00a0nie je vyl\u00fa\u010den\u00e9, \u017ee jeho autorom je prorok Jeremi\u00e1\u0161, ktor\u00fd tie\u017e za\u017e\u00edval mnoh\u00e9 s\u00fa\u017eenia.<\/p>\n<p>Cyklus Slovom \u017ealmu k\u00a0jubileu II pokra\u010duje 11. j\u00fana 2012 \u0161iestym stretnut\u00edm. K\u0148aza, historika a\u00a0etnografa Karola Antona Medveck\u00e9ho predstav\u00ed cirkevn\u00fd historik Pavol Koll\u00e1r. T\u00e9mou biblickej predn\u00e1\u0161ky bude\u00a0\u017dalm 72 s\u00a0podtitulom <em>Mesi\u00e1\u0161 \u2013 prostredn\u00edk po\u017eehnania<\/em>.<\/p>\n<p style=\"text-align: right;\">Du\u0161an Ron\u010d\u00e1k<\/p>\n<p>&nbsp;<\/p>\n<p>V r\u00e1mci pr\u00edprav na 1150. v\u00fdro\u010die pr\u00edchodu sv. Cyrila a Metoda na Ve\u013ek\u00fa Moravu sa <strong>14. m\u00e1ja 2012<\/strong> uskuto\u010dn\u00ed \u0161tvrt\u00fd tematick\u00fd ve\u010der druh\u00e9ho ro\u010dn\u00edka cyklu <a href=\"http:\/\/www.blazejstrba.eu\/?file_id=80\"><em>Slovom \u017ealmu k\u00a0jubileu<\/em><\/a>. Modlitbovo-predn\u00e1\u0161kov\u00fd ve\u010der sa za\u010dne ako zvy\u010dajne o\u00a019.30 ve\u0161perami v\u00a0semin\u00e1rnom kostole, po ktor\u00fdch program pokra\u010duje vo ve\u013ekej aule predn\u00e1\u0161kami s\u00a0historickou a\u00a0biblickou \u010das\u0165ou. V historickej predn\u00e1\u0161ke vdp. Jozef Petr\u00edk predstav\u00ed osobnos\u0165 k\u0148aza a vyn\u00e1lezcu <strong>Jozefa Murga\u0161a<\/strong>. V biblickej predn\u00e1\u0161ke\u00a0 s n\u00e1zvom <strong>Nad\u0161enie pre Bo\u017e\u00ed dom <\/strong>Mons. Jozef Jan\u010dovi\u010d, prodekan RKCMBF UK, <strong><\/strong>zozn\u00e1mi posluch\u00e1\u010dov so<strong> \u017dalmom 69<\/strong>.<\/p>\n","protected":false},"excerpt":{"rendered":"<p>\u00da\u010dastn\u00edci piateho stretnutia cyklu Slovom \u017ealmu k\u00a0jubileu II sa 14. m\u00e1ja 2012 v\u00a0K\u0148azskom semin\u00e1ri sv. Franti\u0161ka Xaversk\u00e9ho v\u00a0Bad\u00edne zam\u00fd\u0161\u013eali nad osobnos\u0165ou k\u0148aza, umelca a\u00a0vyn\u00e1lezcu Jozefa Murga\u0161a a\u00a0v\u00fdkladom \u017dalmu 69.<\/p>\n","protected":false},"author":2,"featured_media":0,"comment_status":"closed","ping_status":"open","sticky":false,"template":"","format":"standard","meta":{"footnotes":""},"categories":[5],"tags":[],"translation":{"provider":"WPGlobus","version":"3.0.0","language":"it","enabled_languages":["sk","en","it"],"languages":{"sk":{"title":true,"content":true,"excerpt":false},"en":{"title":false,"content":false,"excerpt":false},"it":{"title":false,"content":false,"excerpt":false}}},"_links":{"self":[{"href":"https:\/\/blazejstrba.eu\/it\/wp-json\/wp\/v2\/posts\/2433"}],"collection":[{"href":"https:\/\/blazejstrba.eu\/it\/wp-json\/wp\/v2\/posts"}],"about":[{"href":"https:\/\/blazejstrba.eu\/it\/wp-json\/wp\/v2\/types\/post"}],"author":[{"embeddable":true,"href":"https:\/\/blazejstrba.eu\/it\/wp-json\/wp\/v2\/users\/2"}],"replies":[{"embeddable":true,"href":"https:\/\/blazejstrba.eu\/it\/wp-json\/wp\/v2\/comments?post=2433"}],"version-history":[{"count":12,"href":"https:\/\/blazejstrba.eu\/it\/wp-json\/wp\/v2\/posts\/2433\/revisions"}],"predecessor-version":[{"id":2457,"href":"https:\/\/blazejstrba.eu\/it\/wp-json\/wp\/v2\/posts\/2433\/revisions\/2457"}],"wp:attachment":[{"href":"https:\/\/blazejstrba.eu\/it\/wp-json\/wp\/v2\/media?parent=2433"}],"wp:term":[{"taxonomy":"category","embeddable":true,"href":"https:\/\/blazejstrba.eu\/it\/wp-json\/wp\/v2\/categories?post=2433"},{"taxonomy":"post_tag","embeddable":true,"href":"https:\/\/blazejstrba.eu\/it\/wp-json\/wp\/v2\/tags?post=2433"}],"curies":[{"name":"wp","href":"https:\/\/api.w.org\/{rel}","templated":true}]}}