{"id":2373,"date":"2012-04-16T22:00:10","date_gmt":"2012-04-16T20:00:10","guid":{"rendered":"http:\/\/www.blazejstrba.eu\/?p=2373"},"modified":"2012-04-24T08:33:17","modified_gmt":"2012-04-24T06:33:17","slug":"zalm-6","status":"publish","type":"post","link":"https:\/\/blazejstrba.eu\/it\/zalm-6\/","title":{"rendered":"\u017dalm 58 &#8211; Mocn\u00ed, opojen\u00ed had\u00edm jedom"},"content":{"rendered":"<figure id=\"attachment_2375\" aria-describedby=\"caption-attachment-2375\" style=\"width: 150px\" class=\"wp-caption alignleft\"><a href=\"http:\/\/www.blazejstrba.eu\/wp-content\/uploads\/Zalm-58-zdrvujuci-uder.jpg\"><img loading=\"lazy\" decoding=\"async\" class=\"size-thumbnail wp-image-2375\" title=\"Zalm 58 - zdrvujuci uder\" src=\"http:\/\/www.blazejstrba.eu\/wp-content\/uploads\/Zalm-58-zdrvujuci-uder-150x150.jpg\" alt=\"\" width=\"150\" height=\"150\" \/><\/a><figcaption id=\"caption-attachment-2375\" class=\"wp-caption-text\">Zdrvuj\u00faci \u00fader (\u017d 58)<\/figcaption><\/figure>\n<p>V pondelok <strong>23. apr\u00edla 2012<\/strong> Benedikt\u00edni <a href=\"http:\/\/www.benediktini.sk\/\">Kl\u00e1\u0161tora Premenenia P\u00e1na<\/a> v dedinke Sampor spolu s hos\u0165ami \u010d\u00edtali <strong><em>\u017dalm 58<\/em><\/strong>. Hodinov\u00e9 stretnutie sa za\u010dalo kr\u00e1tkou ve\u013ekono\u010dnou modlitbou <strong>o 19.00 hod<\/strong> a bolo venovan\u00e9 \u010d\u00edtaniu a komentovaniu \u017ealmu, ktor\u00fd bol dovol\u00e1van\u00edm sa spravodliv\u00e9ho po spravodlivosti vo\u010di nemu. Na z\u00e1ver stretnutia bola spolo\u010dn\u00e1 modlitba \u2013 komplet\u00f3rium o 20.00 hod.<\/p>\n<p><!--more-->S\u00e9ria \u00f4smich ve\u010derov PSSP do j\u00fana 2012, po\u010das ktor\u00fdch sa \u010d\u00edta a vykladaj\u00fa state Sv\u00e4t\u00e9ho p\u00edsma, ostane vern\u00e1 zvolenej t\u00e9me \u2013 <strong>Knihe \u017ealmov<\/strong>. Teda i 2. ro\u010dn\u00edk<strong> \u2013 <\/strong>po\u010das akad. roka<strong> 2011-2012<\/strong> \u2013 zost\u00e1va zameran\u00fd na \u017dalt\u00e1r. Preberaj\u00fa sa v \u0148om vybran\u00e9 \u017ealmy a niektor\u00e9 t\u00e9my, ktor\u00e9 s nimi s\u00favisia.<\/p>\n<p><em><strong>Program stretnut\u00ed do j\u00fana 2012<\/strong><\/em>:<\/p>\n<p><span style=\"color: #808080;\">20.II.2012 \u2013 <strong>Prorock\u00fd v\u00fdrok proti mocichtiv\u00e9mu (\u017d 52)\u00a0<\/strong> (21. PSSP)<\/span><\/p>\n<p><span style=\"color: #808080;\">5.III.2012 \u2013 <strong>Bolestn\u00e9 konfront\u00e1cie (\u017d 53-54) <\/strong>(22. PSSP)<\/span><\/p>\n<p><span style=\"color: #808080;\">19.III.2012 \u2013 <strong>S\u00a0Bohom medzi levmi<\/strong> <strong>(\u017d 57) <\/strong>(23. PSSP)<\/span><\/p>\n<p><strong>23.IV.2012 \u2013 <span style=\"color: #993366;\">Opojen\u00ed had\u00edm jedom (\u017d 58) <\/span><\/strong>(24. PSSP)<\/p>\n<p>7.V.2012 \u2013 <strong>Bolesti riskuj\u00faceho pre P\u00e1na (\u017d 69) <\/strong>(25. PSSP)<\/p>\n<p>21.V.2012 \u2013 <strong>Presaden\u00e1 Bo\u017eia vinica (\u017d 80) <\/strong>(26. PSSP)<\/p>\n<p>4.VI.2012 \u2013 <strong>Moj\u017ei\u0161ova \u00favaha o\u00a0\u010dase (\u017d 90) <\/strong>(27. PSSP)<\/p>\n","protected":false},"excerpt":{"rendered":"<p>V pondelok 23. apr\u00edla 2012 Benedikt\u00edni Kl\u00e1\u0161tora Premenenia P\u00e1na v dedinke Sampor spolu s hos\u0165ami \u010d\u00edtali \u017dalm 58. Hodinov\u00e9 stretnutie sa za\u010dalo kr\u00e1tkou ve\u013ekono\u010dnou modlitbou o 19.00 hod a bolo venovan\u00e9 \u010d\u00edtaniu a komentovaniu \u017ealmu, ktor\u00fd bol dovol\u00e1van\u00edm sa spravodliv\u00e9ho po spravodlivosti vo\u010di nemu. Na z\u00e1ver stretnutia bola spolo\u010dn\u00e1 modlitba \u2013 komplet\u00f3rium o 20.00 hod.<\/p>\n","protected":false},"author":2,"featured_media":0,"comment_status":"closed","ping_status":"open","sticky":false,"template":"","format":"standard","meta":{"footnotes":""},"categories":[5],"tags":[],"translation":{"provider":"WPGlobus","version":"3.0.0","language":"it","enabled_languages":["sk","en","it"],"languages":{"sk":{"title":true,"content":true,"excerpt":false},"en":{"title":false,"content":false,"excerpt":false},"it":{"title":false,"content":false,"excerpt":false}}},"_links":{"self":[{"href":"https:\/\/blazejstrba.eu\/it\/wp-json\/wp\/v2\/posts\/2373"}],"collection":[{"href":"https:\/\/blazejstrba.eu\/it\/wp-json\/wp\/v2\/posts"}],"about":[{"href":"https:\/\/blazejstrba.eu\/it\/wp-json\/wp\/v2\/types\/post"}],"author":[{"embeddable":true,"href":"https:\/\/blazejstrba.eu\/it\/wp-json\/wp\/v2\/users\/2"}],"replies":[{"embeddable":true,"href":"https:\/\/blazejstrba.eu\/it\/wp-json\/wp\/v2\/comments?post=2373"}],"version-history":[{"count":7,"href":"https:\/\/blazejstrba.eu\/it\/wp-json\/wp\/v2\/posts\/2373\/revisions"}],"predecessor-version":[{"id":2377,"href":"https:\/\/blazejstrba.eu\/it\/wp-json\/wp\/v2\/posts\/2373\/revisions\/2377"}],"wp:attachment":[{"href":"https:\/\/blazejstrba.eu\/it\/wp-json\/wp\/v2\/media?parent=2373"}],"wp:term":[{"taxonomy":"category","embeddable":true,"href":"https:\/\/blazejstrba.eu\/it\/wp-json\/wp\/v2\/categories?post=2373"},{"taxonomy":"post_tag","embeddable":true,"href":"https:\/\/blazejstrba.eu\/it\/wp-json\/wp\/v2\/tags?post=2373"}],"curies":[{"name":"wp","href":"https:\/\/api.w.org\/{rel}","templated":true}]}}