{"id":2337,"date":"2012-04-16T21:30:28","date_gmt":"2012-04-16T19:30:28","guid":{"rendered":"http:\/\/www.blazejstrba.eu\/?p=2337"},"modified":"2012-04-17T14:40:46","modified_gmt":"2012-04-17T12:40:46","slug":"tuzba-za-panom-z-63","status":"publish","type":"post","link":"https:\/\/blazejstrba.eu\/it\/tuzba-za-panom-z-63\/","title":{"rendered":"T\u00fa\u017eba za P\u00e1nom  (\u017d 63)"},"content":{"rendered":"<div class=\"mceTemp\">\n<p><strong><span style=\"color: #800000;\">&#8220;Ako vyschnut\u00e1, pust\u00e1 zem bez vody, tak \u0165a t\u00fa\u017eim uzrie\u0165 vo sv\u00e4tyni a vidie\u0165 tvoju moc a sl\u00e1vu.&#8221;\u00a0\u00a0<\/span><\/strong>(\u017d 63,2-3)<\/p>\n<figure id=\"attachment_2399\" aria-describedby=\"caption-attachment-2399\" style=\"width: 150px\" class=\"wp-caption alignleft\"><a href=\"http:\/\/www.blazejstrba.eu\/wp-content\/uploads\/Vyschnuta-zem.jpg\"><img loading=\"lazy\" decoding=\"async\" class=\"size-thumbnail wp-image-2399\" title=\"Vyschnuta zem\" src=\"http:\/\/www.blazejstrba.eu\/wp-content\/uploads\/Vyschnuta-zem-150x150.jpg\" alt=\"\" width=\"150\" height=\"150\" \/><\/a><figcaption id=\"caption-attachment-2399\" class=\"wp-caption-text\">Vyschnut\u00e1 pust\u00e1 zem<\/figcaption><\/figure>\n<\/div>\n<p>Cyklus tematick\u00fdch ve\u010derov <em>Slovom \u017ealmu k jubileu<\/em> <em>II <\/em>pokra\u010doval 16. apr\u00edla 2012 v\u00a0K\u0148azskom semin\u00e1ri sv. Franti\u0161ka Xaversk\u00e9ho v\u00a0Banskej Bystrici \u2013 Bad\u00edne \u0161tvrt\u00fdm stretnut\u00edm. Jeho t\u00e9mami boli osobnos\u0165 <strong>prof. Jozefa B\u00fadu<\/strong> a\u00a0<strong>\u017dalm 63<\/strong> s\u00a0podtitulom <strong>T\u00fa\u017eba za P\u00e1nom<\/strong> (<a href=\"http:\/\/www.blazejstrba.eu\/?file_id=90\">powerpointov\u00e1 prezent\u00e1cia<\/a>)<strong>.<\/strong><\/p>\n<p>Program stretnutia sa za\u010dal vo zvy\u010dajnom \u010dase o\u00a019.30 v\u00a0semin\u00e1rnom kostole ve\u0161perami, ktor\u00fdm predsedal rektor semin\u00e1ra vdp. J\u00e1n Vigla\u0161. Po modlitbe program pokra\u010doval predn\u00e1\u0161kami\u00a0 v\u00a0aule semin\u00e1ra.<!--more--><\/p>\n<p>Osobnosti\u00a0 prof. Jozefa B\u00fadu (1898 \u2013 1994) sa v historickej predn\u00e1\u0161ke venoval P. J\u00e1n \u010eurica SJ, ktor\u00fd predn\u00e1\u0161a biblick\u00e9 vedy na Teologickej Fakulte Trnavskej univerzity v\u00a0Bratislave a ktor\u00fd poch\u00e1dza z\u00a0Hri\u0148ovej, kde bol prof. B\u00fada ist\u00fd \u010das far\u00e1rom. Prof . B\u00fada p\u00f4sobil na viacer\u00fdch miestach ako kapl\u00e1n i\u00a0ako far\u00e1r. D\u00f4le\u017eit\u00fa str\u00e1nku jeho \u017eivota tvorilo jeho pedagogick\u00e9 p\u00f4sobenie na Biskupskom gymn\u00e1ziu v\u00a0Banskej Bystrici, ale najm\u00e4 v\u00a0k\u0148azskom semin\u00e1ri v\u00a0Banskej Bystrici a\u00a0na Cyrilometodskej bohosloveckej fakulte v\u00a0Bratislave, kde vyu\u010doval od roku 1939 a\u017e do roku 1976. Jeho forma\u010dn\u00e9 p\u00f4sobenie na k\u0148azsk\u00fd dorast takmer na 20 rokov preru\u0161il komunistick\u00fd re\u017eim, ktor\u00fd ho prenasledoval a\u00a0v\u00e4znil. Prof. B\u00fada bol aj plodn\u00fdm spisovate\u013eom na poli biblickej vedy. Jeho dom\u00e9nou bolo \u0161t\u00fadium proroka Izai\u00e1\u0161a, ktor\u00e9mu venoval dvojzv\u00e4zkov\u00e9 dielo <em>Evanjelium Star\u00e9ho z\u00e1kona<\/em>, a\u00a0\u010fal\u0161\u00edch prorokov. Okrem toho p\u00edsal aj k\u00e1zne a\u00a0duchovn\u00e9 povzbudenia. Jeho odkazom sa stalo heslo: \u201eV\u0161etko vybudova\u0165 v\u00a0Kristovi!\u201c Predn\u00e1\u0161aj\u00faceho na jeho \u017eivote oslovila najm\u00e4 jeho veselos\u0165, m\u00fadros\u0165 a\u00a0stato\u010dnos\u0165.<\/p>\n<p>Biblick\u00fa predn\u00e1\u0161ku vdp. Bla\u017eej \u0160trba zameral na v\u00fdklad \u017dalmu 63. Pod\u013ea predn\u00e1\u0161aj\u00faceho \u201etento skvost \u017dalt\u00e1ra nielen up\u00fata, ale aj vtiahne do modlitby.\u201c Tento \u017ealm sa Cirkev modl\u00ed v\u00a0liturgii hod\u00edn v\u017edy v\u00a0nedele a\u00a0sviatky ako prv\u00fd \u017ealm v\u00a0rann\u00fdch chv\u00e1lach. Je s\u00fa\u010das\u0165ou \u0161tvorice \u017ealmov (61 \u2013\u00a0 64), v ktor\u00fdch dominuje t\u00e9ma d\u00f4very a\u00a0chv\u00e1ly P\u00e1na. V\u00a0\u017ealme sa a\u017e \u0161tyrikr\u00e1t spom\u00edna k\u013e\u00fa\u010dov\u00e9 slovo \u201emoja du\u0161a\u201c, ktor\u00e9 zv\u00fdraz\u0148uje subjektivitu v\u00fdpovede \u017dalmistu v\u00a0jeho jedine\u010dnej t\u00fa\u017ebe po Bohu.<\/p>\n<p>V\u00a0diskusii po predn\u00e1\u0161kach vyst\u00fapil aj s\u00fa\u010dasn\u00fd far\u00e1r v\u00a0Hri\u0148ovej vdp. \u0160tefan G\u00e1lik, ktor\u00fd vyzdvihol na prof. B\u00fadovi, \u017ee \u201evedel \u017ei\u0165 svoju starobu a\u00a0vedel ju \u017ei\u0165 radostne. Aj ke\u010f vl\u00e1dal u\u017e len le\u017ea\u0165, oslavoval Boha.\u201c<\/p>\n<p>T\u00e9mou najbli\u017e\u0161ieho stretnutia, ktor\u00e9 sa uskuto\u010dn\u00ed 14. m\u00e1ja 2012<strong>,<\/strong> bude osobnos\u0165 k\u0148aza, organiz\u00e1tora n\u00e1rodn\u00e9ho \u017eivota Slov\u00e1kov v\u00a0zahrani\u010d\u00ed a\u00a0vyn\u00e1lezcu Jozefa Murga\u0161a, ktor\u00e9ho ako rod\u00e1ka z\u00a0Tajova predstav\u00ed far\u00e1r v\u00a0tejto obci vdp. Jozef Petr\u00edk. Predmetom\u00a0biblickej predn\u00e1\u0161ky bude anal\u00fdza \u017dalmu 69 s\u00a0podtitulom <em>Nad\u0161enie pre Bo\u017e\u00ed dom<\/em>.<\/p>\n<p>Stretnutia <em>Slovom \u017ealmu k jubileu<\/em> sa konaj\u00fa v\u00a0K\u0148azskom semin\u00e1ri sv. Franti\u0161ka Xaver sk\u00e9ho v Banskej Bystrici \u2013 Bad\u00edne v\u00a0spolupr\u00e1ci s\u00a0Katedrou biblick\u00fdch vied na RKCMBF UK ako pr\u00edprava na jubileum (2013) 1150. v\u00fdro\u010dia pr\u00edchodu vierozvestov sv. Cyrila a\u00a0Metoda na Ve\u013ek\u00fa Moravu.<\/p>\n<p>Zvukov\u00fa nahr\u00e1vku a prezent\u00e1ciu z\u00a0posledn\u00e9ho, ale aj z\u00a0predch\u00e1dzaj\u00facich ve\u010derov, m\u00f4\u017eete n\u00e1js\u0165 na str\u00e1nke K\u0148azsk\u00e9ho semin\u00e1ra v sekcii: <a href=\"http:\/\/www.xaver.sk\/na-stiahnutie-slovom-zalmu-k-jubileu-ii\" target=\"_blank\"><em>Na stiahnutie<\/em><\/a>.<\/p>\n<p>Du\u0161an Ron\u010d\u00e1k<\/p>\n","protected":false},"excerpt":{"rendered":"<p>&#8220;Ako vyschnut\u00e1, pust\u00e1 zem bez vody, tak \u0165a t\u00fa\u017eim uzrie\u0165 vo sv\u00e4tyni a vidie\u0165 tvoju moc a sl\u00e1vu.&#8221;\u00a0\u00a0(\u017d 63,2-3) Cyklus tematick\u00fdch ve\u010derov Slovom \u017ealmu k jubileu II pokra\u010doval 16. apr\u00edla 2012 v\u00a0K\u0148azskom semin\u00e1ri sv. Franti\u0161ka Xaversk\u00e9ho v\u00a0Banskej Bystrici \u2013 Bad\u00edne \u0161tvrt\u00fdm stretnut\u00edm. Jeho t\u00e9mami boli osobnos\u0165 prof. Jozefa B\u00fadu a\u00a0\u017dalm 63 s\u00a0podtitulom T\u00fa\u017eba za P\u00e1nom &hellip; <a href=\"https:\/\/blazejstrba.eu\/it\/tuzba-za-panom-z-63\/\" class=\"more-link\">Continue reading <span class=\"screen-reader-text\">T\u00fa\u017eba za P\u00e1nom  (\u017d 63)<\/span> <span class=\"meta-nav\">&rarr;<\/span><\/a><\/p>\n","protected":false},"author":2,"featured_media":0,"comment_status":"closed","ping_status":"open","sticky":false,"template":"","format":"standard","meta":{"footnotes":""},"categories":[5],"tags":[],"translation":{"provider":"WPGlobus","version":"3.0.0","language":"it","enabled_languages":["sk","en","it"],"languages":{"sk":{"title":true,"content":true,"excerpt":false},"en":{"title":false,"content":false,"excerpt":false},"it":{"title":false,"content":false,"excerpt":false}}},"_links":{"self":[{"href":"https:\/\/blazejstrba.eu\/it\/wp-json\/wp\/v2\/posts\/2337"}],"collection":[{"href":"https:\/\/blazejstrba.eu\/it\/wp-json\/wp\/v2\/posts"}],"about":[{"href":"https:\/\/blazejstrba.eu\/it\/wp-json\/wp\/v2\/types\/post"}],"author":[{"embeddable":true,"href":"https:\/\/blazejstrba.eu\/it\/wp-json\/wp\/v2\/users\/2"}],"replies":[{"embeddable":true,"href":"https:\/\/blazejstrba.eu\/it\/wp-json\/wp\/v2\/comments?post=2337"}],"version-history":[{"count":13,"href":"https:\/\/blazejstrba.eu\/it\/wp-json\/wp\/v2\/posts\/2337\/revisions"}],"predecessor-version":[{"id":2436,"href":"https:\/\/blazejstrba.eu\/it\/wp-json\/wp\/v2\/posts\/2337\/revisions\/2436"}],"wp:attachment":[{"href":"https:\/\/blazejstrba.eu\/it\/wp-json\/wp\/v2\/media?parent=2337"}],"wp:term":[{"taxonomy":"category","embeddable":true,"href":"https:\/\/blazejstrba.eu\/it\/wp-json\/wp\/v2\/categories?post=2337"},{"taxonomy":"post_tag","embeddable":true,"href":"https:\/\/blazejstrba.eu\/it\/wp-json\/wp\/v2\/tags?post=2337"}],"curies":[{"name":"wp","href":"https:\/\/api.w.org\/{rel}","templated":true}]}}