{"id":2327,"date":"2012-03-06T09:06:38","date_gmt":"2012-03-06T07:06:38","guid":{"rendered":"http:\/\/www.blazejstrba.eu\/?p=2327"},"modified":"2012-03-14T17:35:19","modified_gmt":"2012-03-14T15:35:19","slug":"jemne-reci-a-smrtonosny-umysel-z-55","status":"publish","type":"post","link":"https:\/\/blazejstrba.eu\/it\/jemne-reci-a-smrtonosny-umysel-z-55\/","title":{"rendered":"M\u00e1ria Mur\u00e1\u0148ov\u00e1 a Prekl\u00ednac\u00ed \u017dalm 55"},"content":{"rendered":"<figure id=\"attachment_2333\" aria-describedby=\"caption-attachment-2333\" style=\"width: 150px\" class=\"wp-caption alignleft\"><a href=\"http:\/\/www.blazejstrba.eu\/wp-content\/uploads\/Zalm-5523-slzy-a-staros-na-Pana.png\"><img loading=\"lazy\" decoding=\"async\" class=\"size-thumbnail wp-image-2333\" title=\"\u017dalm 55,23 - Slzy a starosti - zlo\u017e P\u00e1novi\" src=\"http:\/\/www.blazejstrba.eu\/wp-content\/uploads\/Zalm-5523-slzy-a-staros-na-Pana-150x150.png\" alt=\"\" width=\"150\" height=\"150\" \/><\/a><figcaption id=\"caption-attachment-2333\" class=\"wp-caption-text\">Zlo\u017e staros\u0165 na P\u00e1na (\u017d 55,23)<\/figcaption><\/figure>\n<p>V duchu pr\u00edprav na jubileum pr\u00edchodu sv. Cyrila a Metoda na Ve\u013ek\u00fa Moravu sa 12.\u00a0marca 2012 o\u00a019.30 v\u00a0K\u0148azskom semin\u00e1ri sv. Franti\u0161ka Xaversk\u00e9ho v\u00a0Banskej Bystrici \u2013 Bad\u00edne uskuto\u010dnil tret\u00ed tematick\u00fd ve\u010der druh\u00e9ho ro\u010dn\u00edka cyklu <em>Slovom \u017ealmu k\u00a0jubileu<\/em>.<\/p>\n<p>Po modlitbe ve\u0161pier, ktorej v\u00a0semin\u00e1rnom kostole pred- sedal administr\u00e1tor Banskobystrickej diec\u00e9zy Mons. Mari\u00e1n Bublibnec, program pokra\u010doval v\u00a0aule predn\u00e1\u0161kami s\u00a0historickou a\u00a0biblickou \u010das\u0165ou. Historick\u00e1 predn\u00e1\u0161ka predstavila <strong>M\u00e1riu Mur\u00e1\u0148ov\u00fa<\/strong> a biblick\u00e1 <strong>prekl\u00ednac\u00ed \u017dalm 55<\/strong> (<a href=\"http:\/\/www.blazejstrba.eu\/?file_id=88\">powerpointov\u00e1 prezent\u00e1cia<\/a>).<!--more--><\/p>\n<p>Historick\u00e1 predn\u00e1\u0161ka bola venovan\u00e1 priekopn\u00ed\u010dke slovenskej katechetiky M\u00e1rii Mur\u00e1\u0148ovej (1932 \u2013 2008) z\u00a0Kremnice. Predn\u00e1\u0161aj\u00faci doc. ThDr. Mons. Vojtech Nep\u0161insk\u00fd, ktor\u00fd ju osobne poznal, ke\u010f\u017ee bol dva roky v\u00a0Kremnici kapl\u00e1nom, pon\u00fakol okrem \u017eivotopisn\u00fdch \u00fadajov mno\u017estvo svedectiev a\u00a0spomienok. \u201eAj ten najmen\u0161\u00ed rozhovor cestou z\u00a0kostola bol intenz\u00edvny a\u00a0Marika do\u0148ho dala v\u0161etko,\u201c citoval zo spomienok Kremni\u010danov.\u00a0 M\u00e1ria Mur\u00e1\u0148ov\u00e1 nap\u00edsala u\u017e v\u00a0\u010dase totality mnoh\u00e9 katechetick\u00e9 pr\u00edru\u010dky, pod pseudonymom V\u00edt Hora a\u00a0nesk\u00f4r Victoria Montana uverej\u0148ovala k\u00e1zne a\u00a0in\u0161pirovan\u00e1 spolupr\u00e1cou s\u00a0k\u0148azom Rudolfom Bal\u00e1\u017eom pripravovala forma\u010dn\u00e9 a\u00a0katechetick\u00e9 pr\u00edru\u010dky. Pre mnoh\u00fdch k\u0148azov s\u00fa zn\u00e1me a\u00a0st\u00e1le aktu\u00e1lne zbierky k\u00e1zn\u00ed <em>Nolite timere<\/em> i\u00a0t\u00e9my na duchovn\u00e9 obnovy <em>Dom na skale<\/em>. V\u00a0\u010dase slobody vyd\u00e1vala u\u010debnice n\u00e1bo\u017eenstva a zamyslenia. S\u00a0prich\u00e1dzaj\u00facim koncilom, pod\u013ea slov Mons. Nep\u0161insk\u00e9ho, pre\u017e\u00edvala nad\u0161enie \u201enad nov\u00fdm vetrom\u201c a\u00a0osvojila si aj ducha ekumenizmu.<\/p>\n<p>Biblick\u00fa predn\u00e1\u0161ku biblista vdp. SSDr. Bla\u017eej \u0160trba venoval anal\u00fdze \u017dalmu 55, ktor\u00e9mu dal podtitul <em>Jemn\u00e9 re\u010di a\u00a0smrtonosn\u00fd \u00famysel<\/em>. \u017dalm patr\u00ed do skupiny tzv. prekl\u00ednac\u00edch \u017ealmov a\u00a0pod\u013ea vdp. \u0160trbu \u201eje pln\u00fd obrazov, ktor\u00e9 menia vonkaj\u0161iu realitu na vn\u00fatorn\u00fa sk\u00fasenos\u0165.\u201c Vyjadruje polo\u017eenie \u010dloveka, ktor\u00e9ho zradili jeho najbli\u017e\u0161\u00ed priatelia. \u017dalmista \u201ezakusuje priamo v\u00a0modlitbe dusiv\u00fa sk\u00fasenos\u0165\u201c, pri\u010dom slov\u00e1 prekl\u00ednania nie s\u00fa len d\u00f4kazom h\u013abky jeho \u0165a\u017ekost\u00ed, ale aj prejavom toho, \u017ee v\u0161etku d\u00f4veru vklad\u00e1 do P\u00e1na: \u201eZlo\u017e svoju staros\u0165 na P\u00e1na a on \u0165a zachov\u00e1; a nikdy nedopust\u00ed, aby bol spravodliv\u00fd zmietan\u00fd\u201c (v. 23).<\/p>\n<p>T\u00e9mami najbli\u017e\u0161ieho stretnutia cyklu, ktor\u00e9 sa uskuto\u010dn\u00ed <strong>16. apr\u00edla<\/strong><strong> 2011 <\/strong>v\u00a0rovnakom \u010dase, bud\u00fa k\u0148az a\u00a0biblista <strong>Jozef B\u00fada<\/strong> a\u00a0<em>T\u00fa\u017eba za P\u00e1nom<\/em> v\u00a0<strong>\u017dalme 63<\/strong>.<\/p>\n<p>Stretnutia <em>Slovom \u017ealmu k\u00a0jubileu II<\/em> sa konaj\u00fa v\u017edy v\u00a0druh\u00fd pondelok mesiaca v\u00a0K\u0148azskom semin\u00e1ri sv. Franti\u0161ka Xaversk\u00e9ho v Banskej Bystrici \u2013 Bad\u00edne v\u00a0spolupr\u00e1ci s\u00a0neinvesti\u010dn\u00fdm fondom Xaverius a Katedrou biblick\u00fdch vied na RKCMBF UK.<\/p>\n<p>Zvukov\u00fa nahr\u00e1vku a prezent\u00e1ciu z\u00a0posledn\u00e9ho, ale aj z\u00a0predch\u00e1dzaj\u00facich ve\u010derov, m\u00f4\u017eete n\u00e1js\u0165 v sekcii <a href=\"http:\/\/www.xaver.sk\/na-stiahnutie-slovom-zalmu-k-jubileu-ii\" target=\"_blank\">Na stiahnutie<\/a>.<\/p>\n<p>Du\u0161an Ron\u010d\u00e1k<\/p>\n","protected":false},"excerpt":{"rendered":"<p>V duchu pr\u00edprav na jubileum pr\u00edchodu sv. Cyrila a Metoda na Ve\u013ek\u00fa Moravu sa 12.\u00a0marca 2012 o\u00a019.30 v\u00a0K\u0148azskom semin\u00e1ri sv. Franti\u0161ka Xaversk\u00e9ho v\u00a0Banskej Bystrici \u2013 Bad\u00edne uskuto\u010dnil tret\u00ed tematick\u00fd ve\u010der druh\u00e9ho ro\u010dn\u00edka cyklu Slovom \u017ealmu k\u00a0jubileu. Po modlitbe ve\u0161pier, ktorej v\u00a0semin\u00e1rnom kostole pred- sedal administr\u00e1tor Banskobystrickej diec\u00e9zy Mons. Mari\u00e1n Bublibnec, program pokra\u010doval v\u00a0aule predn\u00e1\u0161kami s\u00a0historickou &hellip; <a href=\"https:\/\/blazejstrba.eu\/it\/jemne-reci-a-smrtonosny-umysel-z-55\/\" class=\"more-link\">Continue reading <span class=\"screen-reader-text\">M\u00e1ria Mur\u00e1\u0148ov\u00e1 a Prekl\u00ednac\u00ed \u017dalm 55<\/span> <span class=\"meta-nav\">&rarr;<\/span><\/a><\/p>\n","protected":false},"author":2,"featured_media":0,"comment_status":"closed","ping_status":"open","sticky":false,"template":"","format":"standard","meta":{"footnotes":""},"categories":[5],"tags":[],"translation":{"provider":"WPGlobus","version":"3.0.0","language":"it","enabled_languages":["sk","en","it"],"languages":{"sk":{"title":true,"content":true,"excerpt":false},"en":{"title":false,"content":false,"excerpt":false},"it":{"title":false,"content":false,"excerpt":false}}},"_links":{"self":[{"href":"https:\/\/blazejstrba.eu\/it\/wp-json\/wp\/v2\/posts\/2327"}],"collection":[{"href":"https:\/\/blazejstrba.eu\/it\/wp-json\/wp\/v2\/posts"}],"about":[{"href":"https:\/\/blazejstrba.eu\/it\/wp-json\/wp\/v2\/types\/post"}],"author":[{"embeddable":true,"href":"https:\/\/blazejstrba.eu\/it\/wp-json\/wp\/v2\/users\/2"}],"replies":[{"embeddable":true,"href":"https:\/\/blazejstrba.eu\/it\/wp-json\/wp\/v2\/comments?post=2327"}],"version-history":[{"count":9,"href":"https:\/\/blazejstrba.eu\/it\/wp-json\/wp\/v2\/posts\/2327\/revisions"}],"predecessor-version":[{"id":2331,"href":"https:\/\/blazejstrba.eu\/it\/wp-json\/wp\/v2\/posts\/2327\/revisions\/2331"}],"wp:attachment":[{"href":"https:\/\/blazejstrba.eu\/it\/wp-json\/wp\/v2\/media?parent=2327"}],"wp:term":[{"taxonomy":"category","embeddable":true,"href":"https:\/\/blazejstrba.eu\/it\/wp-json\/wp\/v2\/categories?post=2327"},{"taxonomy":"post_tag","embeddable":true,"href":"https:\/\/blazejstrba.eu\/it\/wp-json\/wp\/v2\/tags?post=2327"}],"curies":[{"name":"wp","href":"https:\/\/api.w.org\/{rel}","templated":true}]}}