{"id":2285,"date":"2012-02-16T16:17:39","date_gmt":"2012-02-16T14:17:39","guid":{"rendered":"http:\/\/www.blazejstrba.eu\/?p=2285"},"modified":"2012-02-16T16:32:39","modified_gmt":"2012-02-16T14:32:39","slug":"vyznanie-viny","status":"publish","type":"post","link":"https:\/\/blazejstrba.eu\/it\/vyznanie-viny\/","title":{"rendered":"Martin \u010culen a vyznanie viny (\u017d 51)"},"content":{"rendered":"<figure id=\"attachment_2286\" aria-describedby=\"caption-attachment-2286\" style=\"width: 150px\" class=\"wp-caption alignleft\"><a href=\"http:\/\/www.blazejstrba.eu\/wp-content\/uploads\/Zalm-51-pramienok-m.jpg\"><img loading=\"lazy\" decoding=\"async\" class=\"size-thumbnail wp-image-2286\" title=\"Kamenn\u00fd chodn\u00ed\u010dek (\u017dalm 51,16)\" src=\"http:\/\/www.blazejstrba.eu\/wp-content\/uploads\/Zalm-51-pramienok-m-150x150.jpg\" alt=\"\" width=\"150\" height=\"150\" \/><\/a><figcaption id=\"caption-attachment-2286\" class=\"wp-caption-text\">Kamenn\u00fd chodn\u00ed\u010dek (M Rupnik SJ, Bad\u00edn)<\/figcaption><\/figure>\n<p>T\u00e9mami predn\u00e1\u0161ok tematick\u00e9ho ve\u010dera cyklu Slovom \u017ealmu k\u00a0jubileu II. bola osobnos\u0165 k\u0148aza a\u00a0pedag\u00f3ga <strong>Martina \u010culena<\/strong> a\u00a0<strong>\u017dalm 51<\/strong> s\u00a0podtitulom <strong><em>Vyznanie viny<\/em><\/strong>. V r\u00e1mci pr\u00edprav na 1150. v\u00fdro\u010die pr\u00edchodu sv. Cyrila a Metoda na Ve\u013ek\u00fa Moravu sa 13.\u00a0febru\u00e1ra 2012 uskuto\u010dnil druh\u00fd tematick\u00fd ve\u010der druh\u00e9ho ro\u010dn\u00edka cyklu <em>Slovom \u017ealmu k\u00a0jubileu<\/em>. Modlitbovo-predn\u00e1\u0161kov\u00fd ve\u010der sa za\u010dal o\u00a019.30 ve\u0161perami v\u00a0semin\u00e1rnom kostole, po ktor\u00fdch program pokra\u010doval vo ve\u013ekej aule predn\u00e1\u0161kami s\u00a0historickou a\u00a0biblickou \u010das\u0165ou.<!--more--><\/p>\n<p>V historickej predn\u00e1\u0161ke sa cirkevn\u00fd historik ThDr. Gabriel Brendza uviedol v\u00fdznam Martina \u010culena tvrden\u00edm, \u017ee \u201ev 60. rokoch 19. storo\u010dia nebolo v\u00fdznamnej\u0161ieho podujatia v\u00a0n\u00e1rodnom \u017eivote, na ktorom by sa Martin \u010culen nebol z\u00fa\u010dastnil\u201c, vr\u00e1tane vzniku Matice slovenskej \u010di Spolku sv. Vojtecha. \u010culen bol riadite\u013eom viacer\u00fdch gymn\u00e1zi\u00ed, pre n\u00e1rodn\u00fd \u017eivot je osobitne d\u00f4le\u017eit\u00fdm obdobie p\u00f4sobenia na gymn\u00e1ziu v\u00a0Banskej Bystrici (1862 \u2013 1867). \u201eV rokoch banskobystrick\u00e9ho riadite\u013eovania sa Martin \u010culen stal ved\u00facou osobnos\u0165ou slovensk\u00fdch n\u00e1rodn\u00fdch sn\u00e1h\u201c, povedal vdp. Brendza. Ako n\u00e1hradu za zru\u0161en\u00e9 slovensk\u00e9 vyu\u010dovanie v\u00a0Banskej Bystrici \u010culen zalo\u017eil \u201ebez haliera, len z\u00a0drobn\u00fdch darov chudobn\u00fdch Slov\u00e1kov\u201c v\u00a0roku 1869 ni\u017e\u0161ie katol\u00edcke gymn\u00e1zium v\u00a0Kl\u00e1\u0161tore pod Znievom, ktor\u00e9 v\u0161ak po piatich \u0161kolsk\u00fdch rokoch \u00farady tie\u017e zatvorili.<\/p>\n<p>V\u00a0biblickej predn\u00e1\u0161ke biblista vdp. SSDr. Bla\u017eej \u0160trba predstavil ako osobn\u00e9 <em>Vyznanie <\/em>viny \u017dalm 51, zn\u00e1my aj pod latinsk\u00fdm n\u00e1zvom <em>Miserere<\/em>. \u017dalm patr\u00ed do skupiny siedmich tzv. kaj\u00facich \u017ealmov a\u00a0mo\u017eno v\u00a0\u0148om rozl\u00ed\u0161i\u0165 dve ve\u013ek\u00e9 \u010dasti: de\u0161trukt\u00edvnu (ver\u0161e 3 \u2013 11) a\u00a0kon\u0161trukt\u00edvnu (ver\u0161e 12 \u2013 21). Vdp. \u0160trba pribl\u00ed\u017eil aj udalosti, ktor\u00e9 boli pod\u013ea nadpisu \u017ealmu d\u00f4vodom jeho vzniku, a\u00a0to hriechy kr\u00e1\u013ea D\u00e1vida a\u00a0jeho \u013e\u00fatos\u0165 (pod\u013ea <em>2 Sam<\/em> 11 \u2013 12). \u017dalm je vr\u00facnou modlitbou v\u00a0situ\u00e1cii hriechu a\u00a0stal sa preto nielen \u010dasto pou\u017e\u00edvan\u00fdm textom v\u00a0liturgii, ale aj in\u0161pir\u00e1ciou mnoh\u00fdch umelcov.<\/p>\n<p>Najbli\u017e\u0161ie stretnutie cyklu sa uskuto\u010dn\u00ed <strong>12. marca 2011 o\u00a019.30.<\/strong> T\u00e9mou\u00a0historickej predn\u00e1\u0161ky bude osobnos\u0165 <em>M\u00e1rie Mur\u00e1\u0148ovej<\/em>, katech\u00e9tky a\u00a0disidentky z Kremnice. Predmetom\u00a0biblickej predn\u00e1\u0161ky bude anal\u00fdza \u201eprekl\u00ednacieho\u201c \u017dalmu 55 s\u00a0podtitulom <em>Jemn\u00e9 re\u010di a\u00a0smrtonosn\u00fd \u00famysel<\/em>.<\/p>\n<p>Zvukov\u00fa nahr\u00e1vku a prezent\u00e1ciu z\u00a0posledn\u00e9ho, ale aj z\u00a0predch\u00e1dzaj\u00facich ve\u010derov, m\u00f4\u017eete n\u00e1js\u0165 na str\u00e1nke K\u0148azsk\u00e9ho semin\u00e1ra v sekcii <a href=\"http:\/\/www.xaver.sk\/na-stiahnutie-slovom-zalmu-k-jubileu-ii\" target=\"_blank\">Na stiahnutie II.<\/a>, resp. <a href=\"http:\/\/www.xaver.sk\/na-stiahnutie-slovom-zalmu-k-jubileu-0\" target=\"_blank\">Na stiahnutie I.<\/a>;<\/p>\n<p>Du\u0161an Ron\u010d\u00e1k<\/p>\n","protected":false},"excerpt":{"rendered":"<p>T\u00e9mami predn\u00e1\u0161ok tematick\u00e9ho ve\u010dera cyklu Slovom \u017ealmu k\u00a0jubileu II. bola osobnos\u0165 k\u0148aza a\u00a0pedag\u00f3ga Martina \u010culena a\u00a0\u017dalm 51 s\u00a0podtitulom Vyznanie viny. V r\u00e1mci pr\u00edprav na 1150. v\u00fdro\u010die pr\u00edchodu sv. Cyrila a Metoda na Ve\u013ek\u00fa Moravu sa 13.\u00a0febru\u00e1ra 2012 uskuto\u010dnil druh\u00fd tematick\u00fd ve\u010der druh\u00e9ho ro\u010dn\u00edka cyklu Slovom \u017ealmu k\u00a0jubileu. Modlitbovo-predn\u00e1\u0161kov\u00fd ve\u010der sa za\u010dal o\u00a019.30 ve\u0161perami v\u00a0semin\u00e1rnom kostole, &hellip; <a href=\"https:\/\/blazejstrba.eu\/it\/vyznanie-viny\/\" class=\"more-link\">Continue reading <span class=\"screen-reader-text\">Martin \u010culen a vyznanie viny (\u017d 51)<\/span> <span class=\"meta-nav\">&rarr;<\/span><\/a><\/p>\n","protected":false},"author":2,"featured_media":0,"comment_status":"closed","ping_status":"open","sticky":false,"template":"","format":"standard","meta":{"footnotes":""},"categories":[5],"tags":[],"translation":{"provider":"WPGlobus","version":"3.0.0","language":"it","enabled_languages":["sk","en","it"],"languages":{"sk":{"title":true,"content":true,"excerpt":false},"en":{"title":false,"content":false,"excerpt":false},"it":{"title":false,"content":false,"excerpt":false}}},"_links":{"self":[{"href":"https:\/\/blazejstrba.eu\/it\/wp-json\/wp\/v2\/posts\/2285"}],"collection":[{"href":"https:\/\/blazejstrba.eu\/it\/wp-json\/wp\/v2\/posts"}],"about":[{"href":"https:\/\/blazejstrba.eu\/it\/wp-json\/wp\/v2\/types\/post"}],"author":[{"embeddable":true,"href":"https:\/\/blazejstrba.eu\/it\/wp-json\/wp\/v2\/users\/2"}],"replies":[{"embeddable":true,"href":"https:\/\/blazejstrba.eu\/it\/wp-json\/wp\/v2\/comments?post=2285"}],"version-history":[{"count":3,"href":"https:\/\/blazejstrba.eu\/it\/wp-json\/wp\/v2\/posts\/2285\/revisions"}],"predecessor-version":[{"id":2326,"href":"https:\/\/blazejstrba.eu\/it\/wp-json\/wp\/v2\/posts\/2285\/revisions\/2326"}],"wp:attachment":[{"href":"https:\/\/blazejstrba.eu\/it\/wp-json\/wp\/v2\/media?parent=2285"}],"wp:term":[{"taxonomy":"category","embeddable":true,"href":"https:\/\/blazejstrba.eu\/it\/wp-json\/wp\/v2\/categories?post=2285"},{"taxonomy":"post_tag","embeddable":true,"href":"https:\/\/blazejstrba.eu\/it\/wp-json\/wp\/v2\/tags?post=2285"}],"curies":[{"name":"wp","href":"https:\/\/api.w.org\/{rel}","templated":true}]}}