{"id":2264,"date":"2012-02-12T01:44:40","date_gmt":"2012-02-11T23:44:40","guid":{"rendered":"http:\/\/www.blazejstrba.eu\/?p=2264"},"modified":"2012-02-13T00:10:51","modified_gmt":"2012-02-12T22:10:51","slug":"skolske-sestry-v-skole-zalmov","status":"publish","type":"post","link":"https:\/\/blazejstrba.eu\/it\/skolske-sestry-v-skole-zalmov\/","title":{"rendered":"\u0160kolsk\u00e9 sestry v \u0161kole \u017ealmov"},"content":{"rendered":"<figure id=\"attachment_2266\" aria-describedby=\"caption-attachment-2266\" style=\"width: 150px\" class=\"wp-caption alignleft\"><a href=\"http:\/\/www.blazejstrba.eu\/wp-content\/uploads\/Sv.Frantisek.jpg\"><img loading=\"lazy\" decoding=\"async\" class=\" wp-image-2266\" title=\"Sv.Frantisek\" src=\"http:\/\/www.blazejstrba.eu\/wp-content\/uploads\/Sv.Frantisek-150x150.jpg\" alt=\"\" width=\"150\" height=\"150\" \/><\/a><figcaption id=\"caption-attachment-2266\" class=\"wp-caption-text\">Sv. Franti\u0161ek z Assisi (1181\/2 - 1226)<\/figcaption><\/figure>\n<p>V d\u0148och <strong>10.-12. febru\u00e1ra<\/strong> mali \u0160kolsk\u00e9 sestry sv. Franti\u0161ka z Assisi (<a href=\"http:\/\/www.skolskesestryosf.sk\/\">OSF<\/a>) spolo\u010dn\u00fd v\u00edkend zameran\u00fd na st\u00e1lu duchovn\u00fa form\u00e1ciu. V pr\u00edrodnom prostred\u00ed ne\u010faleko \u017diliny v dedinke Kunerad sa sestry vn\u00e1rali do Bo\u017eieho slova. Prehlbovali si st\u00e1ro\u010dn\u00fa trad\u00edciu Lectio divina najm\u00e4 nad textami<strong> \u017dalmov s problematikou n\u00e1reku<\/strong>.<\/p>\n<p>Program hlavn\u00fdch predn\u00e1\u0161ok:<!--more--><\/p>\n<p>1. <a href=\"http:\/\/www.blazejstrba.eu\/?file_id=82\">Lectio divina a rozj\u00edmanie<\/a><\/p>\n<p>2. \u017dalt\u00e1r a <a href=\"http:\/\/www.blazejstrba.eu\/?file_id=83\">\u017dalm 1<\/a><\/p>\n<p>3.\u00a0 <a href=\"http:\/\/www.blazejstrba.eu\/?file_id=84\">\u017dalm 22<\/a><\/p>\n<p>4. \u017dalm 27 &#8211; D\u00f4vera v Bo\u017eiu pomoc<\/p>\n","protected":false},"excerpt":{"rendered":"<p>V d\u0148och 10.-12. febru\u00e1ra mali \u0160kolsk\u00e9 sestry sv. Franti\u0161ka z Assisi (OSF) spolo\u010dn\u00fd v\u00edkend zameran\u00fd na st\u00e1lu duchovn\u00fa form\u00e1ciu. V pr\u00edrodnom prostred\u00ed ne\u010faleko \u017diliny v dedinke Kunerad sa sestry vn\u00e1rali do Bo\u017eieho slova. Prehlbovali si st\u00e1ro\u010dn\u00fa trad\u00edciu Lectio divina najm\u00e4 nad textami \u017dalmov s problematikou n\u00e1reku. Program hlavn\u00fdch predn\u00e1\u0161ok:<\/p>\n","protected":false},"author":2,"featured_media":0,"comment_status":"closed","ping_status":"open","sticky":false,"template":"","format":"standard","meta":{"footnotes":""},"categories":[5],"tags":[],"translation":{"provider":"WPGlobus","version":"3.0.0","language":"it","enabled_languages":["sk","en","it"],"languages":{"sk":{"title":true,"content":true,"excerpt":false},"en":{"title":false,"content":false,"excerpt":false},"it":{"title":false,"content":false,"excerpt":false}}},"_links":{"self":[{"href":"https:\/\/blazejstrba.eu\/it\/wp-json\/wp\/v2\/posts\/2264"}],"collection":[{"href":"https:\/\/blazejstrba.eu\/it\/wp-json\/wp\/v2\/posts"}],"about":[{"href":"https:\/\/blazejstrba.eu\/it\/wp-json\/wp\/v2\/types\/post"}],"author":[{"embeddable":true,"href":"https:\/\/blazejstrba.eu\/it\/wp-json\/wp\/v2\/users\/2"}],"replies":[{"embeddable":true,"href":"https:\/\/blazejstrba.eu\/it\/wp-json\/wp\/v2\/comments?post=2264"}],"version-history":[{"count":11,"href":"https:\/\/blazejstrba.eu\/it\/wp-json\/wp\/v2\/posts\/2264\/revisions"}],"predecessor-version":[{"id":2268,"href":"https:\/\/blazejstrba.eu\/it\/wp-json\/wp\/v2\/posts\/2264\/revisions\/2268"}],"wp:attachment":[{"href":"https:\/\/blazejstrba.eu\/it\/wp-json\/wp\/v2\/media?parent=2264"}],"wp:term":[{"taxonomy":"category","embeddable":true,"href":"https:\/\/blazejstrba.eu\/it\/wp-json\/wp\/v2\/categories?post=2264"},{"taxonomy":"post_tag","embeddable":true,"href":"https:\/\/blazejstrba.eu\/it\/wp-json\/wp\/v2\/tags?post=2264"}],"curies":[{"name":"wp","href":"https:\/\/api.w.org\/{rel}","templated":true}]}}