{"id":2212,"date":"2012-01-04T15:00:11","date_gmt":"2012-01-04T13:00:11","guid":{"rendered":"http:\/\/www.blazejstrba.eu\/?p=2212"},"modified":"2012-01-04T15:33:13","modified_gmt":"2012-01-04T13:33:13","slug":"slovom-zalmu-k-jubileu-2-rocnik","status":"publish","type":"post","link":"https:\/\/blazejstrba.eu\/it\/slovom-zalmu-k-jubileu-2-rocnik\/","title":{"rendered":"Slovom \u017ealmu &#8211; o rok bli\u017e\u0161ie k jubileu"},"content":{"rendered":"<p><a href=\"http:\/\/www.blazejstrba.eu\/wp-content\/uploads\/SZkJ-II-2012-plagat.jpg\"><img loading=\"lazy\" decoding=\"async\" class=\"alignleft size-thumbnail wp-image-2213\" title=\"SZkJ-II-2012-plagat\" src=\"http:\/\/www.blazejstrba.eu\/wp-content\/uploads\/SZkJ-II-2012-plagat-150x150.jpg\" alt=\"\" width=\"150\" height=\"150\" \/><\/a>Cyklus tematick\u00fdch ve\u010derov pod n\u00e1zvom <span style=\"color: #800000;\"><em><strong>Slovom \u017ealmu k jubileu<\/strong><\/em><\/span> s historick\u00fdmi a biblick\u00fdmi predn\u00e1\u0161kami bude prebieha\u0165 aj v<strong> <a href=\"http:\/\/www.blazejstrba.eu\/?file_id=80\">roku 2012<\/a> <\/strong>v\u017edy druh\u00fd pondelok v mesiaci v K\u0148azskom semin\u00e1ri v Bad\u00edne.<\/p>\n<p><strong>Historick\u00e1 predn\u00e1\u0161ka<\/strong> v podan\u00ed r\u00f4znych predn\u00e1\u0161aj\u00facich sa zameria na pam\u00e4tihodn\u00e9 osobnosti &#8211; svedkov viery a kres\u0165anskej kult\u00fary &#8211; sp\u00e4t\u00e9 s na\u0161ou diec\u00e9zou z doby star\u0161\u00edch i modern\u00fdch dej\u00edn.<\/p>\n<div><strong>Biblick\u00e1 predn\u00e1\u0161ka<\/strong> prinesie v\u00fdklad \u017ealmov z druhej tretiny \u017dalt\u00e1ra. Vybran\u00e9 \u017ealmy s r\u00f4znou tematikou maj\u00fa posl\u00fa\u017ei\u0165 k postupn\u00e9mu a s\u00fastavn\u00e9mu uvedomovaniu kore\u0148ov kres\u0165anskej spirituality&#8230;<!--more--> Ak historick\u00e1 predn\u00e1\u0161ka vovedie do niektor\u00fdch pr\u00edkladov z novodob\u00fdch kres\u0165ansk\u00fdch dej\u00edn na\u0161ej cirkvi, tak rozbor \u017ealmov a odkrytie jednotliv\u00fdch t\u00e9m maj\u00fa priv\u00e1dza\u0165 k prehlbovaniu kres\u0165anskej biblickej spirituality a \u017eivota viery pod\u013ea Bo\u017eieho zjavenia. \u017dalmy ako na\u010d\u00edtanej\u0161ia modlitebn\u00e1 kniha P\u00edsma sa m\u00f4\u017ee sta\u0165 neochvejnou pomocou pri pr\u00edprave k oslav\u00e1m pr\u00edchodu na\u0161ich vierozvestov.<\/div>\n<div><\/div>\n<div><strong>Prv\u00e9 stretnutie sa uskuto\u010dn\u00ed v pondelok 9. janu\u00e1ra 2012 u\u017e o 18.30 hod. <\/strong>a za\u010dne sa sv. om\u0161ou spojenou s ve\u0161perami. Hlavn\u00fdm celebrantom bude <em>Mons. Viliam Jud\u00e1k, nitriansky biskup,<\/em> ktor\u00fd v historickej predn\u00e1\u0161ke predstav\u00ed banskobystrick\u00e9ho biskupa <strong>\u0160tefana Moysesa<\/strong>. V biblickej \u010dasti stretnutia n\u00e1m <em>vdp. Bla\u017eej \u0160trba<\/em> pribl\u00ed\u017ei\u00a0<strong>50. \u017ealm<\/strong> v t\u00e9me: <strong>Spolo\u010dn\u00e9 spytovanie svedomia<\/strong>.<\/div>\n<p>&nbsp;<\/p>\n<p>Program stretnutia:<br \/>\n18.30 \u2013 sv\u00e4t\u00e1 om\u0161a v semin\u00e1rnom kostole s ve\u0161perami, celebruje Mons. Viliam Jud\u00e1k<br \/>\n19.30 &#8211; predn\u00e1\u0161ky vo ve\u013ekej aule:<br \/>\nI. &#8211; Mons. Viliam Jud\u00e1k &#8211; osobnos\u0165 banskobystrick\u00e9ho biskupa \u0160tefana Moysesa<br \/>\nII. &#8211; Bla\u017eej \u0160trba &#8211; v\u00fdklad \u017dalmu 50 s titulom \u201eSpytovanie svedomia&#8221;<br \/>\nDiskusia do 21.15 hod.<br \/>\nOb\u010derstvenie<\/p>\n<p>&nbsp;<\/p>\n","protected":false},"excerpt":{"rendered":"<p>Cyklus tematick\u00fdch ve\u010derov pod n\u00e1zvom Slovom \u017ealmu k jubileu s historick\u00fdmi a biblick\u00fdmi predn\u00e1\u0161kami bude prebieha\u0165 aj v roku 2012 v\u017edy druh\u00fd pondelok v mesiaci v K\u0148azskom semin\u00e1ri v Bad\u00edne. Historick\u00e1 predn\u00e1\u0161ka v podan\u00ed r\u00f4znych predn\u00e1\u0161aj\u00facich sa zameria na pam\u00e4tihodn\u00e9 osobnosti &#8211; svedkov viery a kres\u0165anskej kult\u00fary &#8211; sp\u00e4t\u00e9 s na\u0161ou diec\u00e9zou z doby star\u0161\u00edch &hellip; <a href=\"https:\/\/blazejstrba.eu\/it\/slovom-zalmu-k-jubileu-2-rocnik\/\" class=\"more-link\">Continue reading <span class=\"screen-reader-text\">Slovom \u017ealmu &#8211; o rok bli\u017e\u0161ie k jubileu<\/span> <span class=\"meta-nav\">&rarr;<\/span><\/a><\/p>\n","protected":false},"author":2,"featured_media":0,"comment_status":"closed","ping_status":"open","sticky":false,"template":"","format":"standard","meta":{"footnotes":""},"categories":[5],"tags":[],"translation":{"provider":"WPGlobus","version":"3.0.0","language":"it","enabled_languages":["sk","en","it"],"languages":{"sk":{"title":true,"content":true,"excerpt":false},"en":{"title":false,"content":false,"excerpt":false},"it":{"title":false,"content":false,"excerpt":false}}},"_links":{"self":[{"href":"https:\/\/blazejstrba.eu\/it\/wp-json\/wp\/v2\/posts\/2212"}],"collection":[{"href":"https:\/\/blazejstrba.eu\/it\/wp-json\/wp\/v2\/posts"}],"about":[{"href":"https:\/\/blazejstrba.eu\/it\/wp-json\/wp\/v2\/types\/post"}],"author":[{"embeddable":true,"href":"https:\/\/blazejstrba.eu\/it\/wp-json\/wp\/v2\/users\/2"}],"replies":[{"embeddable":true,"href":"https:\/\/blazejstrba.eu\/it\/wp-json\/wp\/v2\/comments?post=2212"}],"version-history":[{"count":6,"href":"https:\/\/blazejstrba.eu\/it\/wp-json\/wp\/v2\/posts\/2212\/revisions"}],"predecessor-version":[{"id":2219,"href":"https:\/\/blazejstrba.eu\/it\/wp-json\/wp\/v2\/posts\/2212\/revisions\/2219"}],"wp:attachment":[{"href":"https:\/\/blazejstrba.eu\/it\/wp-json\/wp\/v2\/media?parent=2212"}],"wp:term":[{"taxonomy":"category","embeddable":true,"href":"https:\/\/blazejstrba.eu\/it\/wp-json\/wp\/v2\/categories?post=2212"},{"taxonomy":"post_tag","embeddable":true,"href":"https:\/\/blazejstrba.eu\/it\/wp-json\/wp\/v2\/tags?post=2212"}],"curies":[{"name":"wp","href":"https:\/\/api.w.org\/{rel}","templated":true}]}}