{"id":2184,"date":"2011-12-23T21:44:28","date_gmt":"2011-12-23T19:44:28","guid":{"rendered":"http:\/\/www.blazejstrba.eu\/?p=2184"},"modified":"2011-12-24T16:29:50","modified_gmt":"2011-12-24T14:29:50","slug":"darcoviaadary","status":"publish","type":"post","link":"https:\/\/blazejstrba.eu\/it\/darcoviaadary\/","title":{"rendered":"Dary a darcovia &#8211; viano\u010dn\u00fd vin\u0161"},"content":{"rendered":"<p style=\"text-align: right;\">Cel\u00e1 b\u00e1se\u0148 <a href=\"http:\/\/www.blazejstrba.eu\/?file_id=79\">tu<\/a>.<\/p>\n<p><a href=\"http:\/\/www.blazejstrba.eu\/wp-content\/uploads\/Vianoc\u010dn\u00e9-r\u00e1no.jpg\"><img loading=\"lazy\" decoding=\"async\" class=\"alignleft size-thumbnail wp-image-2200\" title=\"Viano\u010dn\u00e9 r\u00e1no\" src=\"http:\/\/www.blazejstrba.eu\/wp-content\/uploads\/Vianoc\u010dn\u00e9-r\u00e1no-150x150.jpg\" alt=\"\" width=\"150\" height=\"150\" \/><\/a>Zimn\u00e9 r\u00e1na, pln\u00e9 snehu,<\/p>\n<p>n\u00e1s ved\u00fa Tvorcu chv\u00e1li\u0165<\/p>\n<p>\u2013 za jeho m\u00fadros\u0165, nehu&#8230;<\/p>\n<p>a sebaobetu \u2013 dal Otcovi schv\u00e1li\u0165.<\/p>\n<p>&nbsp;<\/p>\n<p>&nbsp;<\/p>\n<p>\u017diar adventn\u00fdch ul\u00edc,<\/p>\n<p>\u013eud s\u00a0t\u00fa\u017ebou t\u00e1paj\u00faci po daroch,<\/p>\n<p>s\u00e1la mu rados\u0165 z\u00a0l\u00edc;<\/p>\n<p>chce ju vo\u00a0viano\u010dn\u00fdch poh\u00e1roch. (\u010d\u00edtaj \u010falej)<\/p>\n<p><!--more--><\/p>\n<p>Sneh, \u017eiara, no najm\u00e4 dar,<\/p>\n<p>s\u00fa symboly Vianoc, \u010do n\u00e1s te\u0161ia.<\/p>\n<p>Dv\u00edhaj\u00fa z\u00a0duchovn\u00fdch m\u00e1r,<\/p>\n<p>ve\u010f darmi sa \u013eudia neprehre\u0161ia.<\/p>\n<p>&nbsp;<\/p>\n<p>Hriech by bol ob\u00eds\u0165 Teba,<\/p>\n<p>na Vianoce nepo\u010fakova\u0165 Ti.<\/p>\n<p>Bo treba l\u00e1sky, okrem chleba,<\/p>\n<p>dar slovom i\u00a0skutkom ukova\u0165 Ti.<\/p>\n<p>&nbsp;<\/p>\n<figure id=\"attachment_2187\" aria-describedby=\"caption-attachment-2187\" style=\"width: 150px\" class=\"wp-caption alignleft\"><a href=\"http:\/\/www.blazejstrba.eu\/wp-content\/uploads\/TrajaKraliKarlSchmidt-Rottluft-1917.jpg\"><img loading=\"lazy\" decoding=\"async\" class=\"size-thumbnail wp-image-2187\" title=\"Traja Krali(Karl Schmidt-Rottluft, 1917)\" src=\"http:\/\/www.blazejstrba.eu\/wp-content\/uploads\/TrajaKraliKarlSchmidt-Rottluft-1917-150x150.jpg\" alt=\"\" width=\"150\" height=\"150\" \/><\/a><figcaption id=\"caption-attachment-2187\" class=\"wp-caption-text\">Traja kr\u00e1li (K. Schmidt-Rottluft, 1917)<\/figcaption><\/figure>\n<p>&nbsp;<\/p>\n<p>Troch si berme za pr\u00edklad;<\/p>\n<p>m\u00fadrych, \u010do v\u00a0\u013eu\u010foch ostan\u00fa.<\/p>\n<p>H\u013eadali pravdu, nie Herodesov v\u00fdklad,<\/p>\n<p>sklonili sa s\u00a0darmi \u2013 Kr\u00e1\u013eovi do stanu.<\/p>\n<p>&nbsp;<\/p>\n<p>&nbsp;<\/p>\n<p>&nbsp;<\/p>\n<p>Kr\u00e1\u013eovi kr\u00e1\u013eov v\u00a0\u010dudnom stane,<\/p>\n<p>Je\u017ei\u0161ovi v\u00a0ma\u0161tali, Bohu v\u00a0\u010dloveku \u2013<\/p>\n<p>Traja kr\u00e1li s\u00a0darmi \u2013 to zostane<\/p>\n<p>na pr\u00edklad a\u00a0pamiatku odvek\u00fa.<\/p>\n<p>&nbsp;<\/p>\n<p>Dary: zlato \u2013 symbol \u013eudsk\u00e9ho kr\u00e1\u013ea,<\/p>\n<p>kadidlom sa vzd\u00e1va \u00facta Bohu<\/p>\n<p>a\u00a0myrhou sa zna\u010d\u00ed obeta dokonal\u00e1;<\/p>\n<p>dary m\u00fadrych n\u00e1s postavia do rohu.<\/p>\n<p>&nbsp;<\/p>\n<p>Hriech by bolo ob\u00eds\u0165 Teba,<\/p>\n<p>ke\u010f Vianoce s\u00fa o\u00a0daroch.<\/p>\n<p>Na ten prv\u00fd pam\u00e4ta\u0165 treba,<\/p>\n<p>ve\u010f pri\u0161iel od Otca z neba,<\/p>\n<p>a\u00a0ost\u00e1va na na\u0161ich olt\u00e1roch.<\/p>\n<p>&nbsp;<\/p>\n<p>N\u00edm obdaroval v\u0161etk\u00fdch<\/p>\n<p>a\u00a0my m\u00f4\u017eeme ka\u017ed\u00e9ho.<\/p>\n<p>Hoc svet m\u00e1 r\u00e1d in\u00fd prepych,<\/p>\n<p>azda objav\u00ed potrebu bl\u00ed\u017eneho.<\/p>\n<p>&nbsp;<\/p>\n<p>Ten prv\u00fd dar \u2013 Boh dal Syna \u2013<\/p>\n<p>tvor\u00ed druh\u00fd \u2013 my seba navz\u00e1jom;<\/p>\n<p>s\u00a0vedom\u00edm, \u017ee zmyla sa n\u00e1m vina,<\/p>\n<p>darujme l\u00e1sku za pren\u00e1jom.<\/p>\n<p>&nbsp;<\/p>\n<figure id=\"attachment_2191\" aria-describedby=\"caption-attachment-2191\" style=\"width: 150px\" class=\"wp-caption alignleft\"><a href=\"http:\/\/www.blazejstrba.eu\/wp-content\/uploads\/Traja-krali-Katedrala-Autun.jpg\"><img loading=\"lazy\" decoding=\"async\" class=\"size-thumbnail wp-image-2191\" title=\"Traja krali (Katedrala Autun)\" src=\"http:\/\/www.blazejstrba.eu\/wp-content\/uploads\/Traja-krali-Katedrala-Autun-150x150.jpg\" alt=\"\" width=\"150\" height=\"150\" \/><\/a><figcaption id=\"caption-attachment-2191\" class=\"wp-caption-text\">Traja kr\u00e1li (Katedr\u00e1la Autun)<\/figcaption><\/figure>\n<p>&nbsp;<\/p>\n<p>Traja kr\u00e1li s\u00fa nev\u0161edn\u00fd pr\u00edpad.<\/p>\n<p>H\u013eadali Boha, sklonili seba,<\/p>\n<p>obdarovali ho; n\u00e1m dali pr\u00edklad,<\/p>\n<p>\u017ee darovanie je odo m\u0148a pre Teba.<\/p>\n<p>&nbsp;<\/p>\n<p>&nbsp;<\/p>\n<p>&nbsp;<\/p>\n<p>Hriech by bolo neobdarova\u0165 sa<\/p>\n<p>\u2013 ke\u010f ka\u017ed\u00fd z\u00a0n\u00e1s je u\u017e darom \u2013<\/p>\n<p>na sp\u00f4sob Darcu, neskr\u00fdva\u0165 sa;<\/p>\n<p>da\u0165 zo seba, seba, nielen pred olt\u00e1rom.<\/p>\n<p>&nbsp;<\/p>\n<p>Ak Vianoce s\u00fa i\u00a0o\u00a0daroch,<\/p>\n<p>tak obnovme Bo\u017e\u00ed dar l\u00e1sky.<\/p>\n<p>Darujme nehu v\u00a0\u017eiv\u00fdch poh\u00e1roch<\/p>\n<p>a\u00a0zo zrna \u017eivota nechajme r\u00e1s\u0165 kl\u00e1sky.<\/p>\n<p>&nbsp;<\/p>\n<p style=\"text-align: right;\"><strong><em>S \u00factou prajem v\u0161etk\u00fdm po\u017eehnan\u00e9 Vianoce.<\/em><\/strong><\/p>\n<p style=\"text-align: right;\">B.\u0160.<\/p>\n","protected":false},"excerpt":{"rendered":"<p>Cel\u00e1 b\u00e1se\u0148 tu. Zimn\u00e9 r\u00e1na, pln\u00e9 snehu, n\u00e1s ved\u00fa Tvorcu chv\u00e1li\u0165 \u2013 za jeho m\u00fadros\u0165, nehu&#8230; a sebaobetu \u2013 dal Otcovi schv\u00e1li\u0165. &nbsp; &nbsp; \u017diar adventn\u00fdch ul\u00edc, \u013eud s\u00a0t\u00fa\u017ebou t\u00e1paj\u00faci po daroch, s\u00e1la mu rados\u0165 z\u00a0l\u00edc; chce ju vo\u00a0viano\u010dn\u00fdch poh\u00e1roch. (\u010d\u00edtaj \u010falej)<\/p>\n","protected":false},"author":2,"featured_media":0,"comment_status":"closed","ping_status":"open","sticky":false,"template":"","format":"standard","meta":{"footnotes":""},"categories":[5],"tags":[],"translation":{"provider":"WPGlobus","version":"3.0.0","language":"it","enabled_languages":["sk","en","it"],"languages":{"sk":{"title":true,"content":true,"excerpt":false},"en":{"title":false,"content":false,"excerpt":false},"it":{"title":false,"content":false,"excerpt":false}}},"_links":{"self":[{"href":"https:\/\/blazejstrba.eu\/it\/wp-json\/wp\/v2\/posts\/2184"}],"collection":[{"href":"https:\/\/blazejstrba.eu\/it\/wp-json\/wp\/v2\/posts"}],"about":[{"href":"https:\/\/blazejstrba.eu\/it\/wp-json\/wp\/v2\/types\/post"}],"author":[{"embeddable":true,"href":"https:\/\/blazejstrba.eu\/it\/wp-json\/wp\/v2\/users\/2"}],"replies":[{"embeddable":true,"href":"https:\/\/blazejstrba.eu\/it\/wp-json\/wp\/v2\/comments?post=2184"}],"version-history":[{"count":18,"href":"https:\/\/blazejstrba.eu\/it\/wp-json\/wp\/v2\/posts\/2184\/revisions"}],"predecessor-version":[{"id":2188,"href":"https:\/\/blazejstrba.eu\/it\/wp-json\/wp\/v2\/posts\/2184\/revisions\/2188"}],"wp:attachment":[{"href":"https:\/\/blazejstrba.eu\/it\/wp-json\/wp\/v2\/media?parent=2184"}],"wp:term":[{"taxonomy":"category","embeddable":true,"href":"https:\/\/blazejstrba.eu\/it\/wp-json\/wp\/v2\/categories?post=2184"},{"taxonomy":"post_tag","embeddable":true,"href":"https:\/\/blazejstrba.eu\/it\/wp-json\/wp\/v2\/tags?post=2184"}],"curies":[{"name":"wp","href":"https:\/\/api.w.org\/{rel}","templated":true}]}}