{"id":2073,"date":"2011-11-15T15:26:36","date_gmt":"2011-11-15T13:26:36","guid":{"rendered":"http:\/\/www.blazejstrba.eu\/?p=2073"},"modified":"2011-11-17T15:48:46","modified_gmt":"2011-11-17T13:48:46","slug":"konferenica-o-teologii-na-rkcmbf-uk","status":"publish","type":"post","link":"https:\/\/blazejstrba.eu\/it\/konferenica-o-teologii-na-rkcmbf-uk\/","title":{"rendered":"H\u013eadanie pokory na Konferencii"},"content":{"rendered":"<p><a href=\"http:\/\/www.blazejstrba.eu\/wp-content\/uploads\/RKCMBF-logo-nove.gif\"><img loading=\"lazy\" decoding=\"async\" class=\"alignleft size-full wp-image-2094\" title=\"RKCMBF - logo nove\" src=\"http:\/\/www.blazejstrba.eu\/wp-content\/uploads\/RKCMBF-logo-nove.gif\" alt=\"\" width=\"150\" height=\"150\" \/><\/a><\/p>\n<p>R\u00edmskokatol\u00edcka cyrilometodsk\u00e1 bohosloveck\u00e1 fakulta UK v Bratislave (RKCMBF UK) organizuje vedeck\u00fa konferenciu s medzin\u00e1rodnou \u00fa\u010das\u0165ou <a href=\"http:\/\/www.frcth.uniba.sk\/fileadmin\/user_upload\/dokumenty\/2011_11_15-Konferencia.pdf\">\u201e<em>Katol\u00edcka teol\u00f3gia v dne\u0161nom svete. Reflexie ad intra et ad extra<\/em>\u201c<\/a>, ktor\u00e1 sa uskuto\u010dn\u00ed d\u0148a <strong>15. novembra 2011<\/strong> pri pr\u00edle\u017eitosti 75. v\u00fdro\u010dia fakulty.<\/p>\n<p>Cie\u013eom konferencie je podpori\u0165 diskusiu teol\u00f3gov o poz\u00edcii katol\u00edckej teol\u00f3gie dnes. Konferencia je zameran\u00e1 jednak dovn\u00fatra teologick\u00fdch discipl\u00edn a jednak sa zameriava na teol\u00f3giu navonok.<\/p>\n<p>Powerpointov\u00e1 prezent\u00e1cie predn\u00e1\u0161ky <strong><a href=\"http:\/\/www.blazejstrba.eu\/?file_id=73\"><em>H\u013eadanie pokory<\/em><\/a><\/strong>.<!--more--><\/p>\n<p>Program konferencie.<\/p>\n","protected":false},"excerpt":{"rendered":"<p>R\u00edmskokatol\u00edcka cyrilometodsk\u00e1 bohosloveck\u00e1 fakulta UK v Bratislave (RKCMBF UK) organizuje vedeck\u00fa konferenciu s medzin\u00e1rodnou \u00fa\u010das\u0165ou \u201eKatol\u00edcka teol\u00f3gia v dne\u0161nom svete. Reflexie ad intra et ad extra\u201c, ktor\u00e1 sa uskuto\u010dn\u00ed d\u0148a 15. novembra 2011 pri pr\u00edle\u017eitosti 75. v\u00fdro\u010dia fakulty. Cie\u013eom konferencie je podpori\u0165 diskusiu teol\u00f3gov o poz\u00edcii katol\u00edckej teol\u00f3gie dnes. Konferencia je zameran\u00e1 jednak dovn\u00fatra teologick\u00fdch &hellip; <a href=\"https:\/\/blazejstrba.eu\/it\/konferenica-o-teologii-na-rkcmbf-uk\/\" class=\"more-link\">Continue reading <span class=\"screen-reader-text\">H\u013eadanie pokory na Konferencii<\/span> <span class=\"meta-nav\">&rarr;<\/span><\/a><\/p>\n","protected":false},"author":2,"featured_media":0,"comment_status":"closed","ping_status":"open","sticky":false,"template":"","format":"standard","meta":{"footnotes":""},"categories":[5],"tags":[],"translation":{"provider":"WPGlobus","version":"3.0.0","language":"it","enabled_languages":["sk","en","it"],"languages":{"sk":{"title":true,"content":true,"excerpt":false},"en":{"title":false,"content":false,"excerpt":false},"it":{"title":false,"content":false,"excerpt":false}}},"_links":{"self":[{"href":"https:\/\/blazejstrba.eu\/it\/wp-json\/wp\/v2\/posts\/2073"}],"collection":[{"href":"https:\/\/blazejstrba.eu\/it\/wp-json\/wp\/v2\/posts"}],"about":[{"href":"https:\/\/blazejstrba.eu\/it\/wp-json\/wp\/v2\/types\/post"}],"author":[{"embeddable":true,"href":"https:\/\/blazejstrba.eu\/it\/wp-json\/wp\/v2\/users\/2"}],"replies":[{"embeddable":true,"href":"https:\/\/blazejstrba.eu\/it\/wp-json\/wp\/v2\/comments?post=2073"}],"version-history":[{"count":11,"href":"https:\/\/blazejstrba.eu\/it\/wp-json\/wp\/v2\/posts\/2073\/revisions"}],"predecessor-version":[{"id":2095,"href":"https:\/\/blazejstrba.eu\/it\/wp-json\/wp\/v2\/posts\/2073\/revisions\/2095"}],"wp:attachment":[{"href":"https:\/\/blazejstrba.eu\/it\/wp-json\/wp\/v2\/media?parent=2073"}],"wp:term":[{"taxonomy":"category","embeddable":true,"href":"https:\/\/blazejstrba.eu\/it\/wp-json\/wp\/v2\/categories?post=2073"},{"taxonomy":"post_tag","embeddable":true,"href":"https:\/\/blazejstrba.eu\/it\/wp-json\/wp\/v2\/tags?post=2073"}],"curies":[{"name":"wp","href":"https:\/\/api.w.org\/{rel}","templated":true}]}}