{"id":1687,"date":"2011-07-28T12:32:19","date_gmt":"2011-07-28T10:32:19","guid":{"rendered":"http:\/\/www.blazejstrba.eu\/?p=1687"},"modified":"2011-11-08T23:15:40","modified_gmt":"2011-11-08T21:15:40","slug":"biskup-balaz-v-bozich-rukach","status":"publish","type":"post","link":"https:\/\/blazejstrba.eu\/it\/biskup-balaz-v-bozich-rukach\/","title":{"rendered":"Biskup Bal\u00e1\u017e v Bo\u017e\u00edch ruk\u00e1ch"},"content":{"rendered":"<p>&nbsp;<\/p>\n<figure id=\"attachment_1691\" aria-describedby=\"caption-attachment-1691\" style=\"width: 150px\" class=\"wp-caption alignleft\"><a href=\"http:\/\/www.blazejstrba.eu\/wp-content\/uploads\/RB-BS-Ex1.jpg\"><img loading=\"lazy\" decoding=\"async\" class=\"size-thumbnail wp-image-1691\" title=\"Konferencia o Knihe Exodus\" src=\"http:\/\/www.blazejstrba.eu\/wp-content\/uploads\/RB-BS-Ex1-150x150.jpg\" alt=\"\" width=\"150\" height=\"150\" \/><\/a><figcaption id=\"caption-attachment-1691\" class=\"wp-caption-text\">Mons. R. Bal\u00e1\u017e, Pr\u00edhovor na konferencii v Bad\u00edne (2010) Foto: D. J\u00e1ger<\/figcaption><\/figure>\n<p><span style=\"color: #993366;\"><strong>&#8220;Du\u0161e spravodliv\u00fdch s\u00fa v\u0161ak v Bo\u017e\u00edch ruk\u00e1ch, muka sa ich nedotkne.&#8221;<\/strong><\/span><\/p>\n<address style=\"text-align: right;\"><span style=\"color: #993366;\">M\u00fadr 3,1<\/span><\/address>\n<p>&nbsp;<\/p>\n<p><strong>D\u0148a 27. j\u00fala 2011 po 16-tej si Nebesk\u00fd Otec povolal k sebe Mons. Rudolfa Bal\u00e1\u017ea, duchovn\u00e9ho otca a pastiera Banskobystrickej diec\u00e9zy.<\/strong><\/p>\n<p>Pohrebn\u00e9 obrady zosnul\u00e9ho banskobystrick\u00e9ho diec\u00e9zneho biskupa Mons. Rudolfa Bal\u00e1\u017ea sa za\u010dn\u00fa v stredu <strong>3. augusta 2011<\/strong> z\u00e1du\u0161nou sv\u00e4tou om\u0161ou&#8230;<!--more--> vo <em>Farskom kostole Nanebovzatia Panny M\u00e1rie v Banskej Bystrici<\/em> o <strong>10.00 hod.<\/strong> Hlavn\u00fdm celebrantom bude bratislavsk\u00fd arcibiskup a metropolita, predseda KBS Mons. Stanislav Zvolensk\u00fd. Poobede o 16.00 hod. bud\u00fa pokra\u010dova\u0165 pohrebn\u00e9 obrady so sv\u00e4tou om\u0161ou vo Farskom kostole Premenenia P\u00e1na v Nevo\u013enom. Nasledova\u0165 bude ulo\u017eenie tela do hrobu na cintor\u00edne v rodisku biskupa v Nevo\u013eno.<\/p>\n<p>Viac na www.tkkbs.sk a www.bbdieceza.sk<\/p>\n<p>S v\u010fakou a \u00factou za v\u0161etko \u010do vykonal pre Bo\u017eie kr\u00e1\u013eovstvo medzi nami nech ho Dobrotiv\u00fd P\u00e1n priv\u00edta s otvorenou n\u00e1ru\u010dou!<\/p>\n<p style=\"text-align: center;\"><em>Requiescat in pace!<\/em><\/p>\n","protected":false},"excerpt":{"rendered":"<p>&nbsp; &#8220;Du\u0161e spravodliv\u00fdch s\u00fa v\u0161ak v Bo\u017e\u00edch ruk\u00e1ch, muka sa ich nedotkne.&#8221; M\u00fadr 3,1 &nbsp; D\u0148a 27. j\u00fala 2011 po 16-tej si Nebesk\u00fd Otec povolal k sebe Mons. Rudolfa Bal\u00e1\u017ea, duchovn\u00e9ho otca a pastiera Banskobystrickej diec\u00e9zy. Pohrebn\u00e9 obrady zosnul\u00e9ho banskobystrick\u00e9ho diec\u00e9zneho biskupa Mons. Rudolfa Bal\u00e1\u017ea sa za\u010dn\u00fa v stredu 3. augusta 2011 z\u00e1du\u0161nou sv\u00e4tou om\u0161ou&#8230;<\/p>\n","protected":false},"author":2,"featured_media":0,"comment_status":"closed","ping_status":"open","sticky":false,"template":"","format":"standard","meta":{"footnotes":""},"categories":[5],"tags":[],"translation":{"provider":"WPGlobus","version":"3.0.0","language":"it","enabled_languages":["sk","en","it"],"languages":{"sk":{"title":true,"content":true,"excerpt":false},"en":{"title":false,"content":false,"excerpt":false},"it":{"title":false,"content":false,"excerpt":false}}},"_links":{"self":[{"href":"https:\/\/blazejstrba.eu\/it\/wp-json\/wp\/v2\/posts\/1687"}],"collection":[{"href":"https:\/\/blazejstrba.eu\/it\/wp-json\/wp\/v2\/posts"}],"about":[{"href":"https:\/\/blazejstrba.eu\/it\/wp-json\/wp\/v2\/types\/post"}],"author":[{"embeddable":true,"href":"https:\/\/blazejstrba.eu\/it\/wp-json\/wp\/v2\/users\/2"}],"replies":[{"embeddable":true,"href":"https:\/\/blazejstrba.eu\/it\/wp-json\/wp\/v2\/comments?post=1687"}],"version-history":[{"count":20,"href":"https:\/\/blazejstrba.eu\/it\/wp-json\/wp\/v2\/posts\/1687\/revisions"}],"predecessor-version":[{"id":1697,"href":"https:\/\/blazejstrba.eu\/it\/wp-json\/wp\/v2\/posts\/1687\/revisions\/1697"}],"wp:attachment":[{"href":"https:\/\/blazejstrba.eu\/it\/wp-json\/wp\/v2\/media?parent=1687"}],"wp:term":[{"taxonomy":"category","embeddable":true,"href":"https:\/\/blazejstrba.eu\/it\/wp-json\/wp\/v2\/categories?post=1687"},{"taxonomy":"post_tag","embeddable":true,"href":"https:\/\/blazejstrba.eu\/it\/wp-json\/wp\/v2\/tags?post=1687"}],"curies":[{"name":"wp","href":"https:\/\/api.w.org\/{rel}","templated":true}]}}