{"id":1496,"date":"2011-05-26T11:12:00","date_gmt":"2011-05-26T09:12:00","guid":{"rendered":"http:\/\/www.blazejstrba.eu\/?p=1496"},"modified":"2011-11-08T23:17:59","modified_gmt":"2011-11-08T21:17:59","slug":"z-49","status":"publish","type":"post","link":"https:\/\/blazejstrba.eu\/it\/z-49\/","title":{"rendered":"\u017d 49 &#8211; s\u00e1m seba nik nevyk\u00fapi"},"content":{"rendered":"<figure id=\"attachment_1497\" aria-describedby=\"caption-attachment-1497\" style=\"width: 150px\" class=\"wp-caption alignleft\"><a href=\"http:\/\/www.blazejstrba.eu\/wp-content\/uploads\/zlate-tablicky.jpg\"><img loading=\"lazy\" decoding=\"async\" class=\"size-thumbnail wp-image-1497 \" title=\"zlat\u00e9 tabli\u010dky\" src=\"http:\/\/www.blazejstrba.eu\/wp-content\/uploads\/zlate-tablicky-150x150.jpg\" alt=\"\" width=\"150\" height=\"150\" \/><\/a><figcaption id=\"caption-attachment-1497\" class=\"wp-caption-text\">zlat\u00e9 tabli\u010dky<\/figcaption><\/figure>\n<p>V pondelok <strong>30. m\u00e1ja 2011 <\/strong>sa v <strong>benedikt\u00ednskom  Kl\u00e1\u0161tore  premenenia P\u00e1na <\/strong>v Sampore uskuto\u010dnilo \u010fal\u0161ie  stretnutie nad \u017ealmami. V  porad\u00ed u\u017e \u00f4sme stretnutie v roku 2011 zo  s\u00e9rie PSSP bolo zameran\u00e9 na \u010d\u00edtanie, v\u00fdklad a v\u00fdzvu <strong>\u017dalmu  49 <\/strong>(<a href=\"http:\/\/www.blazejstrba.eu\/lang\/sk\/worship-to-the-word\/zalmy\/zalm-49\">text \u017ealmu<\/a>).  \u017dalm zot\u00e1znil mo\u017enos\u0165 z\u00e1chrany svojho \u017eivota svojimi silami a stal sa tak posilou viery pre t\u00fdch, ktor\u00ed musia trpie\u0165 v \u017eivote, v ktorom prekypuj\u00fa silou a \u017eivotom bohat\u00ed a mocn\u00ed.<\/p>\n<p>Benedikt\u00edni priv\u00edtali i tento de\u0148\u2026<img decoding=\"async\" title=\"\u010c\u00edtajte \u010falej...\" src=\"http:\/\/www.blazejstrba.eu\/wp-includes\/js\/tinymce\/plugins\/wordpress\/img\/trans.gif\" alt=\"\" \/><!--more--> z\u00e1ujemcov o \u017dalmy a o spolo\u010dn\u00fa modlitbu komplet\u00f3ria.<\/p>\n<p>Ka\u017ed\u00e9 stretnutie sa za\u010d\u00edna <strong>o 19.00 hod.<\/strong> modlitbou \u2013  lekt\u00farou  pr\u00edslu\u0161n\u00e9ho \u017ealmu. Potom nasleduje podstatn\u00e1 \u010das\u0165 stretnutia \u2013   predn\u00e1\u0161ka, ktor\u00e1 je v\u00fdkladom \u017ealmu.\u00a0 Predn\u00e1\u0161kov\u00e1 \u010das\u0165 stretnutia, ktor\u00e9   obohaten\u00e9 aj o diskusiu, sa skon\u010d\u00ed o 20.00 hod. Po nej mn\u00edsi, spolu s   \u00fa\u010dastn\u00edkmi, uzatv\u00e1raj\u00fa biblick\u00e9 stretnutie modlitbou komplet\u00f3ria.<\/p>\n<p>Program PSSP do j\u00fana 2011<\/p>\n<p>21.II.2011  \u2013 <strong>Bo\u017ee, ty si m\u00f4j Boh (\u017d 22)<\/strong><\/p>\n<p>10.III.2011  \u2013 <strong>P\u00e1n je m\u00f4j pastier (\u017d 23)<\/strong><\/p>\n<p>21.III.2011  \u2013 <strong>Hlboko v srdci <\/strong><strong> <\/strong><strong>(\u017d  40) <\/strong><\/p>\n<p>4.IV.2011  \u2013 <strong>Nostalgia za Bo\u017eou tv\u00e1rou<\/strong> <strong>(\u017d  42-43)<\/strong><\/p>\n<p>2.  V. 2011 \u2014 <strong>Svadobn\u00e1 piese\u0148\u00a0(\u017dalm 45)<\/strong><\/p>\n<p>16. V. 2011 \u2014 <strong>Piese\u0148 o Immanuelovi (\u017dalm 46)<\/strong><\/p>\n<p>30. V. 2011 \u2014\u00a0 <span style=\"color: #800080;\"><strong> S\u00e1m seba nik nevyk\u00fapi<\/strong><\/span><strong> <\/strong><strong>(\u017dalm 49)<\/strong><\/p>\n<p>13. VI. 2011 <strong>\u2014 <\/strong>Spolo\u010dn\u00e9 spytovanie svedomia <strong>(\u017dalm 50)<\/strong><\/p>\n","protected":false},"excerpt":{"rendered":"<p>V pondelok 30. m\u00e1ja 2011 sa v benedikt\u00ednskom Kl\u00e1\u0161tore premenenia P\u00e1na v Sampore uskuto\u010dnilo \u010fal\u0161ie stretnutie nad \u017ealmami. V porad\u00ed u\u017e \u00f4sme stretnutie v roku 2011 zo s\u00e9rie PSSP bolo zameran\u00e9 na \u010d\u00edtanie, v\u00fdklad a v\u00fdzvu \u017dalmu 49 (text \u017ealmu). \u017dalm zot\u00e1znil mo\u017enos\u0165 z\u00e1chrany svojho \u017eivota svojimi silami a stal sa tak posilou viery pre &hellip; <a href=\"https:\/\/blazejstrba.eu\/it\/z-49\/\" class=\"more-link\">Continue reading <span class=\"screen-reader-text\">\u017d 49 &#8211; s\u00e1m seba nik nevyk\u00fapi<\/span> <span class=\"meta-nav\">&rarr;<\/span><\/a><\/p>\n","protected":false},"author":2,"featured_media":0,"comment_status":"closed","ping_status":"open","sticky":false,"template":"","format":"standard","meta":{"footnotes":""},"categories":[5],"tags":[],"translation":{"provider":"WPGlobus","version":"3.0.0","language":"it","enabled_languages":["sk","en","it"],"languages":{"sk":{"title":true,"content":true,"excerpt":false},"en":{"title":false,"content":false,"excerpt":false},"it":{"title":false,"content":false,"excerpt":false}}},"_links":{"self":[{"href":"https:\/\/blazejstrba.eu\/it\/wp-json\/wp\/v2\/posts\/1496"}],"collection":[{"href":"https:\/\/blazejstrba.eu\/it\/wp-json\/wp\/v2\/posts"}],"about":[{"href":"https:\/\/blazejstrba.eu\/it\/wp-json\/wp\/v2\/types\/post"}],"author":[{"embeddable":true,"href":"https:\/\/blazejstrba.eu\/it\/wp-json\/wp\/v2\/users\/2"}],"replies":[{"embeddable":true,"href":"https:\/\/blazejstrba.eu\/it\/wp-json\/wp\/v2\/comments?post=1496"}],"version-history":[{"count":8,"href":"https:\/\/blazejstrba.eu\/it\/wp-json\/wp\/v2\/posts\/1496\/revisions"}],"predecessor-version":[{"id":2007,"href":"https:\/\/blazejstrba.eu\/it\/wp-json\/wp\/v2\/posts\/1496\/revisions\/2007"}],"wp:attachment":[{"href":"https:\/\/blazejstrba.eu\/it\/wp-json\/wp\/v2\/media?parent=1496"}],"wp:term":[{"taxonomy":"category","embeddable":true,"href":"https:\/\/blazejstrba.eu\/it\/wp-json\/wp\/v2\/categories?post=1496"},{"taxonomy":"post_tag","embeddable":true,"href":"https:\/\/blazejstrba.eu\/it\/wp-json\/wp\/v2\/tags?post=1496"}],"curies":[{"name":"wp","href":"https:\/\/api.w.org\/{rel}","templated":true}]}}