{"id":1488,"date":"2011-05-21T20:41:00","date_gmt":"2011-05-21T18:41:00","guid":{"rendered":"http:\/\/www.blazejstrba.eu\/?p=1488"},"modified":"2011-11-08T23:20:10","modified_gmt":"2011-11-08T21:20:10","slug":"zakon-a-sloboda-konferencia-v-olomouci","status":"publish","type":"post","link":"https:\/\/blazejstrba.eu\/it\/zakon-a-sloboda-konferencia-v-olomouci\/","title":{"rendered":"Z\u00e1kon a sloboda &#8211; konferencia v Olomouci"},"content":{"rendered":"<p><span style=\"color: #008000;\"> <\/span><\/p>\n<figure id=\"attachment_1489\" aria-describedby=\"caption-attachment-1489\" style=\"width: 150px\" class=\"wp-caption alignleft\"><a href=\"http:\/\/www.blazejstrba.eu\/wp-content\/uploads\/CMTF-UK-v-Olomouci-logo.jpg\"><img loading=\"lazy\" decoding=\"async\" class=\"size-thumbnail wp-image-1489\" title=\"CMTF UK v Olomouci - logo\" src=\"http:\/\/www.blazejstrba.eu\/wp-content\/uploads\/CMTF-UK-v-Olomouci-logo-150x150.jpg\" alt=\"\" width=\"150\" height=\"150\" srcset=\"https:\/\/blazejstrba.eu\/wp-content\/uploads\/CMTF-UK-v-Olomouci-logo-150x150.jpg 150w, https:\/\/blazejstrba.eu\/wp-content\/uploads\/CMTF-UK-v-Olomouci-logo.jpg 224w\" sizes=\"(max-width: 150px) 100vw, 150px\" \/><\/a><figcaption id=\"caption-attachment-1489\" class=\"wp-caption-text\">Logo CMTF UK v Olomouci<\/figcaption><\/figure>\n<p><span style=\"color: #333333;\">Cyrilometod\u011bjsk\u00e1 teologick\u00e1 fakulta Univerzity Palack\u00e9ho<\/span><\/p>\n<p><span style=\"color: #333333;\"> v spolupr\u00e1ci s \u010cesk\u00fdm katol\u00edckym biblick\u00fdm dielom organizuje medzin\u00e1rodn\u00fa konferenciu na t\u00e9mu <span style=\"color: #800000;\"><strong><em>Z\u00e1kon a svoboda &#8211; <\/em><\/strong><em>staroz\u00e1konn\u00ed texty k problematice Z\u00e1kona a svobody a jejich interpretace v Nov\u00e9m z\u00e1kon\u011b.<\/em><\/span><\/span><\/p>\n<p><span style=\"color: #993366;\"><span style=\"color: #333333;\">Konferencia sa bude kona\u0165 v d\u0148och 23. a 24. m\u00e1ja 2011<br \/>\nv u\u010debni \u010d. 11 (na 3. poschod\u00ed) CMTF UP v Olomouci, ul. Univerzitn\u00ed, 22. <\/span><\/span><\/p>\n<p><span style=\"color: #993366;\"><span style=\"color: #333333;\">Viac na webovskej str\u00e1nke <a href=\"http:\/\/www.cmtf.upol.cz\/aktualita\/clanek\/mezinarodni-konference-na-tema-zakon-a-svoboda\/\">CMTF UP<\/a>.<br \/>\n<\/span><\/span><\/p>\n","protected":false},"excerpt":{"rendered":"<p>Cyrilometod\u011bjsk\u00e1 teologick\u00e1 fakulta Univerzity Palack\u00e9ho v spolupr\u00e1ci s \u010cesk\u00fdm katol\u00edckym biblick\u00fdm dielom organizuje medzin\u00e1rodn\u00fa konferenciu na t\u00e9mu Z\u00e1kon a svoboda &#8211; staroz\u00e1konn\u00ed texty k problematice Z\u00e1kona a svobody a jejich interpretace v Nov\u00e9m z\u00e1kon\u011b. Konferencia sa bude kona\u0165 v d\u0148och 23. a 24. m\u00e1ja 2011 v u\u010debni \u010d. 11 (na 3. poschod\u00ed) CMTF UP v &hellip; <a href=\"https:\/\/blazejstrba.eu\/it\/zakon-a-sloboda-konferencia-v-olomouci\/\" class=\"more-link\">Continue reading <span class=\"screen-reader-text\">Z\u00e1kon a sloboda &#8211; konferencia v Olomouci<\/span> <span class=\"meta-nav\">&rarr;<\/span><\/a><\/p>\n","protected":false},"author":2,"featured_media":0,"comment_status":"closed","ping_status":"open","sticky":false,"template":"","format":"standard","meta":{"footnotes":""},"categories":[5],"tags":[],"translation":{"provider":"WPGlobus","version":"3.0.0","language":"it","enabled_languages":["sk","en","it"],"languages":{"sk":{"title":true,"content":true,"excerpt":false},"en":{"title":false,"content":false,"excerpt":false},"it":{"title":false,"content":false,"excerpt":false}}},"_links":{"self":[{"href":"https:\/\/blazejstrba.eu\/it\/wp-json\/wp\/v2\/posts\/1488"}],"collection":[{"href":"https:\/\/blazejstrba.eu\/it\/wp-json\/wp\/v2\/posts"}],"about":[{"href":"https:\/\/blazejstrba.eu\/it\/wp-json\/wp\/v2\/types\/post"}],"author":[{"embeddable":true,"href":"https:\/\/blazejstrba.eu\/it\/wp-json\/wp\/v2\/users\/2"}],"replies":[{"embeddable":true,"href":"https:\/\/blazejstrba.eu\/it\/wp-json\/wp\/v2\/comments?post=1488"}],"version-history":[{"count":7,"href":"https:\/\/blazejstrba.eu\/it\/wp-json\/wp\/v2\/posts\/1488\/revisions"}],"predecessor-version":[{"id":2009,"href":"https:\/\/blazejstrba.eu\/it\/wp-json\/wp\/v2\/posts\/1488\/revisions\/2009"}],"wp:attachment":[{"href":"https:\/\/blazejstrba.eu\/it\/wp-json\/wp\/v2\/media?parent=1488"}],"wp:term":[{"taxonomy":"category","embeddable":true,"href":"https:\/\/blazejstrba.eu\/it\/wp-json\/wp\/v2\/categories?post=1488"},{"taxonomy":"post_tag","embeddable":true,"href":"https:\/\/blazejstrba.eu\/it\/wp-json\/wp\/v2\/tags?post=1488"}],"curies":[{"name":"wp","href":"https:\/\/api.w.org\/{rel}","templated":true}]}}