{"id":1415,"date":"2011-05-03T10:29:20","date_gmt":"2011-05-03T08:29:20","guid":{"rendered":"http:\/\/www.blazejstrba.eu\/?p=1415"},"modified":"2020-02-07T17:34:03","modified_gmt":"2020-02-07T15:34:03","slug":"co-s-biblickou-nedelou","status":"publish","type":"post","link":"https:\/\/blazejstrba.eu\/it\/co-s-biblickou-nedelou\/","title":{"rendered":"\u010co s biblickou nede\u013eou"},"content":{"rendered":"<figure id=\"attachment_1416\" aria-describedby=\"caption-attachment-1416\" style=\"width: 150px\" class=\"wp-caption alignleft\"><a href=\"http:\/\/www.blazejstrba.eu\/wp-content\/uploads\/Intronizacia-Biblie-m.jpg\"><img loading=\"lazy\" decoding=\"async\" class=\"size-thumbnail wp-image-1416\" title=\"Introniz\u00e1cia Biblie\" src=\"http:\/\/www.blazejstrba.eu\/wp-content\/uploads\/Intronizacia-Biblie-m-150x150.jpg\" alt=\"Introniz\u00e1cia Biblie\" width=\"150\" height=\"150\" \/><\/a><figcaption id=\"caption-attachment-1416\" class=\"wp-caption-text\">Introniz\u00e1cia Sv\u00e4t\u00e9ho p\u00edsma<\/figcaption><\/figure>\n<p>U\u017e od roku 2003 sa na Slovensku sl\u00e1vi 3. ve\u013ekono\u010dn\u00e1 nede\u013ea ako <strong>biblick\u00e1 nede\u013ea<\/strong>. Katol\u00edcke biblick\u00e9 dielo (KBD) aj v\u00a0tomto roku pripravilo materi\u00e1ly na jej sl\u00e1venie. Zameran\u00e9 s\u00fa na zbl\u00ed\u017eenie sa s\u00a0P\u00edsmom a\u00a0sl\u00e1venie Bo\u017eieho slova v\u00a0liturgii. Boli vybran\u00e9 dve ot\u00e1zky z\u00a0oblasti vz\u0165ahu veriacich k\u00a0P\u00edsmu ako Bo\u017eiemu slovu: 1) <strong>introniz\u00e1cia P\u00edsma<\/strong> a 2) predstavenie dokumentu Benedikta XVI. s\u00a0n\u00e1zvom <strong><em>Verbum Domini<\/em><\/strong>.<\/p>\n<p>Ako sl\u00e1vi\u0165 t\u00fato biblick\u00fa nede\u013eu? Na banskobystrickej diec\u00e9znej webstr\u00e1nke &#8211; <a href=\"http:\/\/www.bbdieceza.sk\/index.php\/sk\/dokumenty\/703-o-s-biblickou-nedeou-2011\">www.bbdieceza.sk<\/a>. alebo na str\u00e1nke katol\u00edckeho biblick\u00e9ho diela &#8211; www.kbd.sk si m\u00f4\u017eete n\u00e1js\u0165 viac materi\u00e1lov. Tu pon\u00fakame aspo\u0148 dva dokumenty, z t\u00fdch, ktor\u00e9 pripravilo KBD a ktor\u00e9 da\u0165 a\u00a0podnety k\u00a0realiz\u00e1cii spolo\u010dn\u00e9ho sl\u00e1venia Bo\u017eieho slova vo farnostiach. Prv\u00fd dokument predstavuje dokument Verbum Domini (<a href=\"https:\/\/www.blazejstrba.eu\/co-s-biblickou-nedelou\/\">Biblick\u00e1 nede\u013ea &#8211; od poznania k sl\u00e1veniu<\/a>). Druh\u00fd dokument je powerpointov\u00e1 prezent\u00e1cia k <a href=\"https:\/\/www.blazejstrba.eu\/download\/biblicka-nedela-od-poznania-k-slaveniu-pptx\/\">Biblickej nedeli 2011<\/a>, ktor\u00e1 schematicky predstavuje tak introniz\u00e1ciu P\u00edsma ako aj Verbum Domini.<\/p>\n","protected":false},"excerpt":{"rendered":"<p>U\u017e od roku 2003 sa na Slovensku sl\u00e1vi 3. ve\u013ekono\u010dn\u00e1 nede\u013ea ako biblick\u00e1 nede\u013ea. Katol\u00edcke biblick\u00e9 dielo (KBD) aj v\u00a0tomto roku pripravilo materi\u00e1ly na jej sl\u00e1venie. Zameran\u00e9 s\u00fa na zbl\u00ed\u017eenie sa s\u00a0P\u00edsmom a\u00a0sl\u00e1venie Bo\u017eieho slova v\u00a0liturgii. Boli vybran\u00e9 dve ot\u00e1zky z\u00a0oblasti vz\u0165ahu veriacich k\u00a0P\u00edsmu ako Bo\u017eiemu slovu: 1) introniz\u00e1cia P\u00edsma a 2) predstavenie dokumentu Benedikta &hellip; <a href=\"https:\/\/blazejstrba.eu\/it\/co-s-biblickou-nedelou\/\" class=\"more-link\">Continue reading <span class=\"screen-reader-text\">\u010co s biblickou nede\u013eou<\/span> <span class=\"meta-nav\">&rarr;<\/span><\/a><\/p>\n","protected":false},"author":2,"featured_media":0,"comment_status":"closed","ping_status":"open","sticky":false,"template":"","format":"standard","meta":{"footnotes":""},"categories":[5],"tags":[],"translation":{"provider":"WPGlobus","version":"3.0.0","language":"it","enabled_languages":["sk","en","it"],"languages":{"sk":{"title":true,"content":true,"excerpt":false},"en":{"title":false,"content":false,"excerpt":false},"it":{"title":false,"content":false,"excerpt":false}}},"_links":{"self":[{"href":"https:\/\/blazejstrba.eu\/it\/wp-json\/wp\/v2\/posts\/1415"}],"collection":[{"href":"https:\/\/blazejstrba.eu\/it\/wp-json\/wp\/v2\/posts"}],"about":[{"href":"https:\/\/blazejstrba.eu\/it\/wp-json\/wp\/v2\/types\/post"}],"author":[{"embeddable":true,"href":"https:\/\/blazejstrba.eu\/it\/wp-json\/wp\/v2\/users\/2"}],"replies":[{"embeddable":true,"href":"https:\/\/blazejstrba.eu\/it\/wp-json\/wp\/v2\/comments?post=1415"}],"version-history":[{"count":6,"href":"https:\/\/blazejstrba.eu\/it\/wp-json\/wp\/v2\/posts\/1415\/revisions"}],"predecessor-version":[{"id":6077,"href":"https:\/\/blazejstrba.eu\/it\/wp-json\/wp\/v2\/posts\/1415\/revisions\/6077"}],"wp:attachment":[{"href":"https:\/\/blazejstrba.eu\/it\/wp-json\/wp\/v2\/media?parent=1415"}],"wp:term":[{"taxonomy":"category","embeddable":true,"href":"https:\/\/blazejstrba.eu\/it\/wp-json\/wp\/v2\/categories?post=1415"},{"taxonomy":"post_tag","embeddable":true,"href":"https:\/\/blazejstrba.eu\/it\/wp-json\/wp\/v2\/tags?post=1415"}],"curies":[{"name":"wp","href":"https:\/\/api.w.org\/{rel}","templated":true}]}}