{"id":1358,"date":"2011-05-07T15:48:23","date_gmt":"2011-05-07T13:48:23","guid":{"rendered":"http:\/\/www.blazejstrba.eu\/?p=1358"},"modified":"2011-11-08T23:20:32","modified_gmt":"2011-11-08T21:20:32","slug":"szkj-04","status":"publish","type":"post","link":"https:\/\/blazejstrba.eu\/it\/szkj-04\/","title":{"rendered":"Slovom \u017dalmu 23 k jubileu &#8211; Starostliv\u00fd Pastier"},"content":{"rendered":"<figure id=\"attachment_1432\" aria-describedby=\"caption-attachment-1432\" style=\"width: 150px\" class=\"wp-caption alignleft\"><a href=\"http:\/\/www.blazejstrba.eu\/wp-content\/uploads\/Z-23-pastier-detail.jpg\"><img loading=\"lazy\" decoding=\"async\" class=\"size-thumbnail wp-image-1432\" title=\"\u017dalm 23 - P\u00e1n je m\u00f4j pastier\" src=\"http:\/\/www.blazejstrba.eu\/wp-content\/uploads\/Z-23-pastier-detail-150x150.jpg\" alt=\"\" width=\"150\" height=\"150\" srcset=\"https:\/\/blazejstrba.eu\/wp-content\/uploads\/Z-23-pastier-detail-150x150.jpg 150w, https:\/\/blazejstrba.eu\/wp-content\/uploads\/Z-23-pastier-detail-300x300.jpg 300w, https:\/\/blazejstrba.eu\/wp-content\/uploads\/Z-23-pastier-detail.jpg 336w\" sizes=\"(max-width: 150px) 100vw, 150px\" \/><\/a><figcaption id=\"caption-attachment-1432\" class=\"wp-caption-text\">Starostliv\u00fd pastier (\u017d 23)<\/figcaption><\/figure>\n<p>Banskobystrick\u00fd K\u0148azsk\u00fd semin\u00e1r  sv. Franti\u0161ka Xaversk\u00e9ho    v\u00a0spolupr\u00e1ci s\u00a0Katedrou biblick\u00fdch vied na  RKCMBF UK v Bratislave priv\u00edtal v\u0161etk\u00fdch z\u00e1ujemcov o cyrilometodsk\u00fa trad\u00edciu a modlitbu <em>\u017ealmov <\/em><strong>na \u0161tvrtom stretnuti\u00ed <\/strong>z cyklu<strong> <\/strong>S\u017dkJ &#8211; <a href=\"..\/?file_id=42\"><strong><em>Slovom   \u017ealmu k  jubileu<\/em><\/strong><\/a>, ktor\u00e9 sa uskuto\u010dnilo 9. m\u00e1ja 2011.<\/p>\n<p>Stretnutie sa za\u010dalo o 19.30 hod. spolo\u010dnou modlitbou ve\u0161pier, po ktorej nasledovalo <strong>predstavenie kostola v Dubovom<\/strong> (farnos\u0165  Slovensk\u00e9 Pravno) a <strong>ve\u013ekomoravsk\u00e9ho kostola v Dev\u00edne<\/strong>. V\u00a0kontexte bl\u00ed\u017eiacej sa Nedele Dobr\u00e9ho pastiera, hlavnou \u010das\u0165ou programu bolo \u010d\u00edtanie a v\u00fdklad <strong>23. \u017ealmu<\/strong> (<a href=\"http:\/\/www.blazejstrba.eu\/lang\/en\/worship-to-the-word\/zalmy\/zalm-23\/\">pracovn\u00fd preklad<\/a> a <a href=\"http:\/\/www.blazejstrba.eu\/?file_id=56\">powerpointov\u00e1 prezent\u00e1cia<\/a>) s titulom \u201e<strong>P\u00e1n je m\u00f4j pastier<\/strong>\u201c. Mesa\u010dn\u00e9 stretnutia &#8230;<!--more-->cyklu <strong><em>Slovom \u017ealmu k jubileu <\/em><\/strong>(\u010falej    <strong><em>S\u017dJ<\/em><\/strong>) sa konaj\u00fa v\u017edy v priestoroch  K\u0148azsk\u00e9ho  semin\u00e1ra v   Bad\u00edne a pozost\u00e1vaj\u00fa z modlitby ve\u0161pier, \u010d\u00edtania a  v\u00fdkladu \u017ealmov a   kr\u00e1tkeho historick\u00e9ho cyrilo-metodsk\u00e9ho exkurzu.<\/p>\n<p>Priebeh stretnut\u00ed<\/p>\n<p>1.\u00a0\u00a0\u00a0 Spolo\u010dn\u00e9 sl\u00e1venie ve\u0161pier o 19.30 hod.<br \/>\n2.\u00a0\u00a0\u00a0 Historick\u00fd exkurz<br \/>\n3.\u00a0\u00a0\u00a0 \u010c\u00edtanie a v\u00fdklad \u017ealmov<br \/>\n4.\u00a0\u00a0\u00a0 Diskusia do 21.15 hod.<\/p>\n<p>Cyklus <strong><em>S\u017dJ <\/em><\/strong>vych\u00e1dza z trad\u00edcie<em> biblick\u00fdch ve\u010derov <\/em>z   minul\u00fdch rokov, ktor\u00e9, podobne ako tento, s\u00fa  odpove\u010fou na v\u00fdzvu   posynod\u00e1lnej exhort\u00e1cie <em><strong>Pane, zosta\u0148 s  nami<\/strong> (<\/em>\u010d. 80) po   \u201cl\u00e1man\u00ed chleba\u201d.\u00a0 Cyklus tie\u017e reaguje na  p\u00e1pe\u017esk\u00fa posynod\u00e1lnu   exhort\u00e1ciu <strong><em>Verbum Domini<\/em><\/strong>,  ktor\u00e1 vol\u00e1 po sl\u00e1ven\u00ed Slova. No   a bezprostredn\u00fdm tret\u00edm podnetom bola  v\u00fdzva Konferencie biskupov   Slovenska,  v\u00a0r\u00e1mci pr\u00edprav na bl\u00ed\u017eiace sa<strong> <em>jubileum 1150. v\u00fdro\u010dia   pr\u00edchodu  sv. Cyrila a\u00a0Metoda<\/em> <\/strong>na  na\u0161e \u00fazemie, ktor\u00e9  bude   sl\u00e1ven\u00e9 v\u00a0roku  2013.<\/p>\n<p>Tento trojro\u010dn\u00fd cyklus mesa\u010dn\u00fdch stretnut\u00ed <em>S\u017dJ <\/em>je teda    odpove\u010fou na tri r\u00f4zne v\u00fdzvy. Na prv\u00fa <em>diec\u00e9znu <\/em>v\u00fdzvu po    biblickej permanentnej form\u00e1cii odpoved\u00e1 o zameran\u00edm sa na Sv\u00e4t\u00e9 p\u00edsmo.    Na druh\u00fa <em>celo-cirkevn\u00fa<\/em> v\u00fdzvu odpoved\u00e1 t\u00fdm, \u017ee to bude v    kontexte spolo\u010dnej modlitby. Na tretiu v\u00fdzvu <em>celoslovensk\u00fa <\/em>&#8211; od    KBS, odpoved\u00e1 v\u00fdberom biblickej Knihy \u017ealmov, ktor\u00e1 podnecuje rast v    poznan\u00ed Bo\u017eieho slov a rozoh\u0148uje k spolo\u010dnej modlitbe.<\/p>\n<p><strong>T\u00e9my stretnut\u00ed s\u00fa na plag\u00e1te (<a href=\"..\/?file_id=42\">tu<\/a>).<\/strong><\/p>\n","protected":false},"excerpt":{"rendered":"<p>Banskobystrick\u00fd K\u0148azsk\u00fd semin\u00e1r sv. Franti\u0161ka Xaversk\u00e9ho v\u00a0spolupr\u00e1ci s\u00a0Katedrou biblick\u00fdch vied na RKCMBF UK v Bratislave priv\u00edtal v\u0161etk\u00fdch z\u00e1ujemcov o cyrilometodsk\u00fa trad\u00edciu a modlitbu \u017ealmov na \u0161tvrtom stretnuti\u00ed z cyklu S\u017dkJ &#8211; Slovom \u017ealmu k jubileu, ktor\u00e9 sa uskuto\u010dnilo 9. m\u00e1ja 2011. Stretnutie sa za\u010dalo o 19.30 hod. spolo\u010dnou modlitbou ve\u0161pier, po ktorej nasledovalo predstavenie kostola &hellip; <a href=\"https:\/\/blazejstrba.eu\/it\/szkj-04\/\" class=\"more-link\">Continue reading <span class=\"screen-reader-text\">Slovom \u017dalmu 23 k jubileu &#8211; Starostliv\u00fd Pastier<\/span> <span class=\"meta-nav\">&rarr;<\/span><\/a><\/p>\n","protected":false},"author":2,"featured_media":0,"comment_status":"closed","ping_status":"open","sticky":false,"template":"","format":"standard","meta":{"footnotes":""},"categories":[5],"tags":[],"translation":{"provider":"WPGlobus","version":"3.0.0","language":"it","enabled_languages":["sk","en","it"],"languages":{"sk":{"title":true,"content":true,"excerpt":false},"en":{"title":false,"content":false,"excerpt":false},"it":{"title":false,"content":false,"excerpt":false}}},"_links":{"self":[{"href":"https:\/\/blazejstrba.eu\/it\/wp-json\/wp\/v2\/posts\/1358"}],"collection":[{"href":"https:\/\/blazejstrba.eu\/it\/wp-json\/wp\/v2\/posts"}],"about":[{"href":"https:\/\/blazejstrba.eu\/it\/wp-json\/wp\/v2\/types\/post"}],"author":[{"embeddable":true,"href":"https:\/\/blazejstrba.eu\/it\/wp-json\/wp\/v2\/users\/2"}],"replies":[{"embeddable":true,"href":"https:\/\/blazejstrba.eu\/it\/wp-json\/wp\/v2\/comments?post=1358"}],"version-history":[{"count":13,"href":"https:\/\/blazejstrba.eu\/it\/wp-json\/wp\/v2\/posts\/1358\/revisions"}],"predecessor-version":[{"id":2012,"href":"https:\/\/blazejstrba.eu\/it\/wp-json\/wp\/v2\/posts\/1358\/revisions\/2012"}],"wp:attachment":[{"href":"https:\/\/blazejstrba.eu\/it\/wp-json\/wp\/v2\/media?parent=1358"}],"wp:term":[{"taxonomy":"category","embeddable":true,"href":"https:\/\/blazejstrba.eu\/it\/wp-json\/wp\/v2\/categories?post=1358"},{"taxonomy":"post_tag","embeddable":true,"href":"https:\/\/blazejstrba.eu\/it\/wp-json\/wp\/v2\/tags?post=1358"}],"curies":[{"name":"wp","href":"https:\/\/api.w.org\/{rel}","templated":true}]}}