{"id":1350,"date":"2011-04-08T13:35:25","date_gmt":"2011-04-08T11:35:25","guid":{"rendered":"http:\/\/www.blazejstrba.eu\/?p=1350"},"modified":"2011-11-08T23:21:28","modified_gmt":"2011-11-08T21:21:28","slug":"slovom-zalmu-k-jubileu-boze-moj-boze-z-22","status":"publish","type":"post","link":"https:\/\/blazejstrba.eu\/it\/slovom-zalmu-k-jubileu-boze-moj-boze-z-22\/","title":{"rendered":"S\u017dkJ 03 &#8211; Bo\u017ee, ty si m\u00f4j Boh (\u017d 22)"},"content":{"rendered":"<p><a href=\"http:\/\/www.blazejstrba.eu\/wp-content\/uploads\/Zalm-22-Daniel-Dew-2011-m.jpg\"><img loading=\"lazy\" decoding=\"async\" class=\"alignleft size-thumbnail wp-image-1362\" title=\"Zalm 22, Daniel Dew (2011)\" src=\"http:\/\/www.blazejstrba.eu\/wp-content\/uploads\/Zalm-22-Daniel-Dew-2011-m-150x150.jpg\" alt=\"Bo\u017ee, pre\u010do si ma opustil?\" width=\"150\" height=\"150\" srcset=\"https:\/\/blazejstrba.eu\/wp-content\/uploads\/Zalm-22-Daniel-Dew-2011-m-150x150.jpg 150w, https:\/\/blazejstrba.eu\/wp-content\/uploads\/Zalm-22-Daniel-Dew-2011-m.jpg 240w\" sizes=\"(max-width: 150px) 100vw, 150px\" \/><\/a>Banskobystrick\u00fd K\u0148azsk\u00fd semin\u00e1r v\u00a0spolupr\u00e1ci s\u00a0Katedrou biblick\u00fdch vied na<strong> <\/strong>RKCMBF UK pokra\u010doval 11. apr\u00edla 2011 tret\u00edm tematick\u00fdm stretnut\u00edm <a href=\"http:\/\/www.blazejstrba.eu\/?file_id=50\"><strong><em>Bo\u017ee, Ty si m\u00f4j Boh<\/em><\/strong><\/a> z cyklu<strong> S\u017dkJ<\/strong> &#8211; <a href=\"..\/?file_id=42\"><strong><em>Slovom  \u017ealmu k  jubileu<\/em><\/strong><\/a>. Stretnutie cyklu Slovom \u017ealmu k jubileu sa za\u010dalo o 19,30 hod modlitbou ve\u0161pier, ktor\u00fdm predsedal o. biskup Mons. Rudolf Bal\u00e1\u017e. Predn\u00e1\u0161kov\u00e1 \u010das\u0165 sa skladala<!--more--> z historick\u00e9ho exkurzu a z v\u00fdkladu \u017ealmu. Historick\u00fd exkurz predstavil baziliku z\u00a09. storo\u010dia v\u00a0Bratislave a kostol v\u00a0Selciach, ktor\u00fd je  z\u00e1rove\u0148 najd\u00f4le\u017eitej\u0161\u00edm p\u00fatnick\u00fdm miestom v\u00a0Banskobystrickej diec\u00e9ze  zasv\u00e4ten\u00fdm sv. Cyrilovi a\u00a0Metodovi. Druh\u00e1 predn\u00e1\u0161ka pokra\u010doval v trad\u00edcia duchovno-teologickej pr\u00edpravy\u00a0 k jubileu. Bola venovan\u00e1 \u010d\u00edtaniu  a v\u00fdkladu 22. \u017ealmu s titulom <strong>Bo\u017ee,  ty si m\u00f4j Boh<\/strong>.<\/p>\n<p>Mesa\u010dn\u00e9 stretnutia cyklu <strong><em>Slovom \u017ealmu k jubileu <\/em><\/strong>(\u010falej   <strong><em>S\u017dJ<\/em><\/strong>) sa konaj\u00fa v\u017edy v priestoroch  K\u0148azsk\u00e9ho  semin\u00e1ra v  Bad\u00edne a pozost\u00e1vaj\u00fa z modlitby ve\u0161pier, \u010d\u00edtania a  v\u00fdkladu \u017ealmov a  kr\u00e1tkeho historick\u00e9ho cyrilo-metodsk\u00e9ho exkurzu.<\/p>\n<p>Priebeh stretnut\u00ed<\/p>\n<p>1.\u00a0\u00a0\u00a0 Spolo\u010dn\u00e9 sl\u00e1venie ve\u0161pier o 19.30 hod.<br \/>\n2.\u00a0\u00a0\u00a0 Historick\u00fd exkurz<br \/>\n3.\u00a0\u00a0\u00a0 \u010c\u00edtanie a v\u00fdklad \u017ealmov<br \/>\n4.\u00a0\u00a0\u00a0 Diskusia do 21.15 hod.<\/p>\n<p>Cyklus <strong><em>S\u017dJ <\/em><\/strong>vych\u00e1dza z trad\u00edcie<em> biblick\u00fdch ve\u010derov <\/em>z  minul\u00fdch rokov, ktor\u00e9, podobne ako tento, s\u00fa  odpove\u010fou na v\u00fdzvu  posynod\u00e1lnej exhort\u00e1cie <em><strong>Pane, zosta\u0148 s  nami<\/strong> (<\/em>\u010d. 80) po  \u201cl\u00e1man\u00ed chleba\u201d.\u00a0 Cyklus tie\u017e reaguje na  p\u00e1pe\u017esk\u00fa posynod\u00e1lnu  exhort\u00e1ciu <strong><em>Verbum Domini<\/em><\/strong>,  ktor\u00e1 vol\u00e1 po sl\u00e1ven\u00ed Slova. No  a bezprostredn\u00fdm tret\u00edm podnetom bola  v\u00fdzva Konferencie biskupov  Slovenska,  v\u00a0r\u00e1mci pr\u00edprav na bl\u00ed\u017eiace sa<strong> <em>jubileum 1150. v\u00fdro\u010dia  pr\u00edchodu  sv. Cyrila a\u00a0Metoda<\/em> <\/strong>na  na\u0161e \u00fazemie, ktor\u00e9  bude  sl\u00e1ven\u00e9 v\u00a0roku  2013.<\/p>\n<p>Tento trojro\u010dn\u00fd cyklus mesa\u010dn\u00fdch stretnut\u00ed <em>S\u017dJ <\/em>je teda   odpove\u010fou na tri r\u00f4zne v\u00fdzvy. Na prv\u00fa <em>diec\u00e9znu <\/em>v\u00fdzvu po   biblickej permanentnej form\u00e1cii odpoved\u00e1 o zameran\u00edm sa na Sv\u00e4t\u00e9 p\u00edsmo.   Na druh\u00fa <em>celo-cirkevn\u00fa<\/em> v\u00fdzvu odpoved\u00e1 t\u00fdm, \u017ee to bude v   kontexte spolo\u010dnej modlitby. Na tretiu v\u00fdzvu <em>celoslovensk\u00fa <\/em>&#8211; od   KBS, odpoved\u00e1 v\u00fdberom biblickej Knihy \u017ealmov, ktor\u00e1 podnecuje rast v   poznan\u00ed Bo\u017eieho slov a rozoh\u0148uje k spolo\u010dnej modlitbe.<\/p>\n<p><strong>T\u00e9my stretnut\u00ed s\u00fa na plag\u00e1te (<a href=\"..\/?file_id=42\">tu<\/a>).<\/strong><\/p>\n","protected":false},"excerpt":{"rendered":"<p>Banskobystrick\u00fd K\u0148azsk\u00fd semin\u00e1r v\u00a0spolupr\u00e1ci s\u00a0Katedrou biblick\u00fdch vied na RKCMBF UK pokra\u010doval 11. apr\u00edla 2011 tret\u00edm tematick\u00fdm stretnut\u00edm Bo\u017ee, Ty si m\u00f4j Boh z cyklu S\u017dkJ &#8211; Slovom \u017ealmu k jubileu. Stretnutie cyklu Slovom \u017ealmu k jubileu sa za\u010dalo o 19,30 hod modlitbou ve\u0161pier, ktor\u00fdm predsedal o. biskup Mons. Rudolf Bal\u00e1\u017e. Predn\u00e1\u0161kov\u00e1 \u010das\u0165 sa skladala<\/p>\n","protected":false},"author":2,"featured_media":0,"comment_status":"closed","ping_status":"open","sticky":false,"template":"","format":"standard","meta":{"footnotes":""},"categories":[5],"tags":[],"translation":{"provider":"WPGlobus","version":"3.0.0","language":"it","enabled_languages":["sk","en","it"],"languages":{"sk":{"title":true,"content":true,"excerpt":false},"en":{"title":false,"content":false,"excerpt":false},"it":{"title":false,"content":false,"excerpt":false}}},"_links":{"self":[{"href":"https:\/\/blazejstrba.eu\/it\/wp-json\/wp\/v2\/posts\/1350"}],"collection":[{"href":"https:\/\/blazejstrba.eu\/it\/wp-json\/wp\/v2\/posts"}],"about":[{"href":"https:\/\/blazejstrba.eu\/it\/wp-json\/wp\/v2\/types\/post"}],"author":[{"embeddable":true,"href":"https:\/\/blazejstrba.eu\/it\/wp-json\/wp\/v2\/users\/2"}],"replies":[{"embeddable":true,"href":"https:\/\/blazejstrba.eu\/it\/wp-json\/wp\/v2\/comments?post=1350"}],"version-history":[{"count":12,"href":"https:\/\/blazejstrba.eu\/it\/wp-json\/wp\/v2\/posts\/1350\/revisions"}],"predecessor-version":[{"id":2016,"href":"https:\/\/blazejstrba.eu\/it\/wp-json\/wp\/v2\/posts\/1350\/revisions\/2016"}],"wp:attachment":[{"href":"https:\/\/blazejstrba.eu\/it\/wp-json\/wp\/v2\/media?parent=1350"}],"wp:term":[{"taxonomy":"category","embeddable":true,"href":"https:\/\/blazejstrba.eu\/it\/wp-json\/wp\/v2\/categories?post=1350"},{"taxonomy":"post_tag","embeddable":true,"href":"https:\/\/blazejstrba.eu\/it\/wp-json\/wp\/v2\/tags?post=1350"}],"curies":[{"name":"wp","href":"https:\/\/api.w.org\/{rel}","templated":true}]}}