{"id":1302,"date":"2011-03-20T21:59:28","date_gmt":"2011-03-20T19:59:28","guid":{"rendered":"http:\/\/www.blazejstrba.eu\/?p=1302"},"modified":"2011-11-08T23:21:41","modified_gmt":"2011-11-08T21:21:41","slug":"od-vyslobodenia-k-bohosluzbe","status":"publish","type":"post","link":"https:\/\/blazejstrba.eu\/it\/od-vyslobodenia-k-bohosluzbe\/","title":{"rendered":"Od vyslobodenia k bohoslu\u017ebe vo Zvolene"},"content":{"rendered":"<p><a href=\"http:\/\/www.blazejstrba.eu\/wp-content\/uploads\/OFS-logo.jpg\"><img loading=\"lazy\" decoding=\"async\" class=\"alignleft size-full wp-image-973\" title=\"OFS - logo\" src=\"http:\/\/www.blazejstrba.eu\/wp-content\/uploads\/OFS-logo.jpg\" alt=\"\" width=\"100\" height=\"100\" \/><\/a>Bratstvo svetsk\u00fdch  franti\u0161k\u00e1nov vo Zvolene sa v nede\u013eu  20. marca 2011 stretlo s ostatn\u00fdmi bratmi a  sestrami Franti\u0161k\u00e1nskeho svetsk\u00e9ho r\u00e1du (OFS) zo stredoslovensk\u00e9ho regi\u00f3nu. S\u00fa\u010dasne to bolo ich u\u017e druh\u00e9 stretnutie, ktor\u00e9 sa zameralo na biblick\u00fa obnovu s n\u00e1zvom \u201eVytv\u00e1ra\u0165  spolo\u010denstvo nad Bo\u017e\u00edm slovom\u201c.<\/p>\n<p>Stretnutie za\u010dalo o <strong>14,30 hod<\/strong>. v priestoroch farskej budovy a bolo zameran\u00e9 na druh\u00fa  biblick\u00fa Knihu Exodus. Vh\u013ead do tejto knihy bude predstaven\u00fd t\u00e9mou <strong>Od vyslobodenia k bohoslu\u017ebe<\/strong> (<a href=\"http:\/\/www.blazejstrba.eu\/?file_id=49\">powerpointov\u00e1 prezent\u00e1cia<\/a>). S\u00fa\u010das\u0165ou n\u00e1h\u013eadu do staroz\u00e1konn\u00e9ho spisu bola aj diskusia a na z\u00e1ver tie\u017e modlitba ve\u010dern\u00fdch chv\u00e1l.<\/p>\n","protected":false},"excerpt":{"rendered":"<p>Bratstvo svetsk\u00fdch franti\u0161k\u00e1nov vo Zvolene sa v nede\u013eu 20. marca 2011 stretlo s ostatn\u00fdmi bratmi a sestrami Franti\u0161k\u00e1nskeho svetsk\u00e9ho r\u00e1du (OFS) zo stredoslovensk\u00e9ho regi\u00f3nu. S\u00fa\u010dasne to bolo ich u\u017e druh\u00e9 stretnutie, ktor\u00e9 sa zameralo na biblick\u00fa obnovu s n\u00e1zvom \u201eVytv\u00e1ra\u0165 spolo\u010denstvo nad Bo\u017e\u00edm slovom\u201c. Stretnutie za\u010dalo o 14,30 hod. v priestoroch farskej budovy a bolo &hellip; <a href=\"https:\/\/blazejstrba.eu\/it\/od-vyslobodenia-k-bohosluzbe\/\" class=\"more-link\">Continue reading <span class=\"screen-reader-text\">Od vyslobodenia k bohoslu\u017ebe vo Zvolene<\/span> <span class=\"meta-nav\">&rarr;<\/span><\/a><\/p>\n","protected":false},"author":2,"featured_media":0,"comment_status":"closed","ping_status":"open","sticky":false,"template":"","format":"standard","meta":{"footnotes":""},"categories":[5],"tags":[],"translation":{"provider":"WPGlobus","version":"3.0.0","language":"it","enabled_languages":["sk","en","it"],"languages":{"sk":{"title":true,"content":true,"excerpt":false},"en":{"title":false,"content":false,"excerpt":false},"it":{"title":false,"content":false,"excerpt":false}}},"_links":{"self":[{"href":"https:\/\/blazejstrba.eu\/it\/wp-json\/wp\/v2\/posts\/1302"}],"collection":[{"href":"https:\/\/blazejstrba.eu\/it\/wp-json\/wp\/v2\/posts"}],"about":[{"href":"https:\/\/blazejstrba.eu\/it\/wp-json\/wp\/v2\/types\/post"}],"author":[{"embeddable":true,"href":"https:\/\/blazejstrba.eu\/it\/wp-json\/wp\/v2\/users\/2"}],"replies":[{"embeddable":true,"href":"https:\/\/blazejstrba.eu\/it\/wp-json\/wp\/v2\/comments?post=1302"}],"version-history":[{"count":10,"href":"https:\/\/blazejstrba.eu\/it\/wp-json\/wp\/v2\/posts\/1302\/revisions"}],"predecessor-version":[{"id":2018,"href":"https:\/\/blazejstrba.eu\/it\/wp-json\/wp\/v2\/posts\/1302\/revisions\/2018"}],"wp:attachment":[{"href":"https:\/\/blazejstrba.eu\/it\/wp-json\/wp\/v2\/media?parent=1302"}],"wp:term":[{"taxonomy":"category","embeddable":true,"href":"https:\/\/blazejstrba.eu\/it\/wp-json\/wp\/v2\/categories?post=1302"},{"taxonomy":"post_tag","embeddable":true,"href":"https:\/\/blazejstrba.eu\/it\/wp-json\/wp\/v2\/tags?post=1302"}],"curies":[{"name":"wp","href":"https:\/\/api.w.org\/{rel}","templated":true}]}}