{"id":1285,"date":"2011-03-11T09:13:16","date_gmt":"2011-03-11T07:13:16","guid":{"rendered":"http:\/\/www.blazejstrba.eu\/?p=1285"},"modified":"2023-06-20T08:06:50","modified_gmt":"2023-06-20T07:06:50","slug":"slovom-zalmu-k-jubileu-z-8","status":"publish","type":"post","link":"https:\/\/blazejstrba.eu\/it\/slovom-zalmu-k-jubileu-z-8\/","title":{"rendered":"Slovom \u017ealmu k jubileu &#8211; \u010co\u017ee je \u010dlovek \u017d 8"},"content":{"rendered":"<p><a href=\"http:\/\/www.blazejstrba.eu\/wp-content\/uploads\/SZkJ-obrazok-m.jpg\"><img loading=\"lazy\" decoding=\"async\" class=\"alignleft size-thumbnail wp-image-1213\" title=\"SZkJ-obrazok-m\" src=\"http:\/\/www.blazejstrba.eu\/wp-content\/uploads\/SZkJ-obrazok-m-150x150.jpg\" alt=\"\" width=\"150\" height=\"150\"><\/a>Banskobystrick\u00fd K\u0148azsk\u00fd semin\u00e1r  sv. Franti\u0161ka Xaversk\u00e9ho  v&nbsp;spolupr\u00e1ci s&nbsp;Katedrou biblick\u00fdch vied na  R\u00edmskokatol\u00edckej   cyrilo-metodskej bohosloveckej fakulte Univerzity  Komensk\u00e9ho spolu s veriacimi s Farnosti Leh\u00f4tka pod Vt\u00e1\u010dnikom d\u0148a&nbsp; <strong>14. marca 2011<\/strong> urobil \u010fal\u0161\u00ed krok pr\u00edpravy k Jubileu pr\u00edchodu Sol\u00fanskych bratov na na\u0161e \u00fazemie. Bol n\u00edm druh\u00fd de\u0148 stretnutia z cyklu <a href=\"..\/?file_id=42\"><strong><em>Slovom \u017ealmu k  jubileu<\/em><\/strong><\/a>.<\/p>\n<p>Ve\u010der mal ako t\u00e9mu <strong>\u010co\u017ee je \u010dlovek?<\/strong> T\u00fato ot\u00e1zku si dal aj autor \u017dalm 8, v\u00fdkladu ktor\u00e9mu sa venovala hlavn\u00e1 predn\u00e1\u0161kov\u00e1 \u010das\u0165 ve\u010dera (powerpointov\u00e1 <a href=\"http:\/\/www.blazejstrba.eu\/?file_id=46\">prezent\u00e1cia predn\u00e1\u0161ky<\/a>; <a href=\"http:\/\/www.blazejstrba.eu\/lang\/en\/worship-to-the-word\/zalmy\/zalm-8\">text \u017ealmu<\/a>). V&nbsp;historickom exkurze bol predstaven\u00fd&#8230;<!--more--> kostol v Lehote pod Vt\u00e1\u010dnikom a Nitriansky hrad &#8211; ve\u013ekomoravsk\u00e9 biskupstvo (r. 880).<\/p>\n<p>Modlitbe ve\u0161pier predsedal otec biskup Mons. Rudolf Bal\u00e1\u017e, spolu s Mons. J. \u0160trbom a&nbsp; vdp. Jozefom Cabanom, far\u00e1rom<strong> <\/strong>farnosti<strong> Lehota pod Vt\u00e1\u010dnikom.<br \/>\n<\/strong><\/p>\n<p>Mesa\u010dn\u00e9 stretnutia cyklu <strong><em>Slovom \u017ealmu k jubileu <\/em><\/strong>(\u010falej  <strong><em>S\u017dJ<\/em><\/strong>) sa konaj\u00fa v\u017edy v priestoroch  K\u0148azsk\u00e9ho  semin\u00e1ra v Bad\u00edne a pozost\u00e1vaj\u00fa z modlitby ve\u0161pier, \u010d\u00edtania a  v\u00fdkladu \u017ealmov a kr\u00e1tkeho historick\u00e9ho cyrilo-metodsk\u00e9ho exkurzu.<\/p>\n<p>Priebeh stretnut\u00ed<\/p>\n<p>1.&nbsp;&nbsp;&nbsp; Spolo\u010dn\u00e9 sl\u00e1venie ve\u0161pier o 19.30 hod.<br \/>\n2.&nbsp;&nbsp;&nbsp; Historick\u00fd exkurz<br \/>\n3.&nbsp;&nbsp;&nbsp; \u010c\u00edtanie a v\u00fdklad \u017ealmov<br \/>\n4.&nbsp;&nbsp;&nbsp; Diskusia do 21.15 hod.<\/p>\n<p>Cyklus <strong><em>S\u017dJ <\/em><\/strong>vych\u00e1dza z trad\u00edcie<em> biblick\u00fdch ve\u010derov <\/em>z minul\u00fdch rokov, ktor\u00e9, podobne ako tento, s\u00fa  odpove\u010fou na v\u00fdzvu posynod\u00e1lnej exhort\u00e1cie <em><strong>Pane, zosta\u0148 s  nami<\/strong> (<\/em>\u010d. 80) po \u201cl\u00e1man\u00ed chleba\u201d.&nbsp; Cyklus tie\u017e reaguje na  p\u00e1pe\u017esk\u00fa posynod\u00e1lnu exhort\u00e1ciu <strong><em>Verbum Domini<\/em><\/strong>,  ktor\u00e1 vol\u00e1 po sl\u00e1ven\u00ed Slova. No a bezprostredn\u00fdm tret\u00edm podnetom bola  v\u00fdzva Konferencie biskupov Slovenska,  v&nbsp;r\u00e1mci pr\u00edprav na bl\u00ed\u017eiace sa<strong> <em>jubileum 1150. v\u00fdro\u010dia pr\u00edchodu  sv. Cyrila a&nbsp;Metoda<\/em> <\/strong>na  na\u0161e \u00fazemie, ktor\u00e9  bude sl\u00e1ven\u00e9 v&nbsp;roku  2013.<\/p>\n<p>Tento trojro\u010dn\u00fd cyklus mesa\u010dn\u00fdch stretnut\u00ed <em>S\u017dJ <\/em>je teda  odpove\u010fou na tri r\u00f4zne v\u00fdzvy. Na prv\u00fa <em>diec\u00e9znu <\/em>v\u00fdzvu po  biblickej permanentnej form\u00e1cii odpoved\u00e1 o zameran\u00edm sa na Sv\u00e4t\u00e9 p\u00edsmo.  Na druh\u00fa <em>celo-cirkevn\u00fa<\/em> v\u00fdzvu odpoved\u00e1 t\u00fdm, \u017ee to bude v  kontexte spolo\u010dnej modlitby. Na tretiu v\u00fdzvu <em>celoslovensk\u00fa <\/em>&#8211; od  KBS, odpoved\u00e1 v\u00fdberom biblickej Knihy \u017ealmov, ktor\u00e1 podnecuje rast v  poznan\u00ed Bo\u017eieho slov a rozoh\u0148uje k spolo\u010dnej modlitbe.<\/p>\n<p><strong>T\u00e9my stretnut\u00ed s\u00fa na plag\u00e1te (<a href=\"..\/?file_id=42\">tu<\/a>).<\/strong><\/p>\n","protected":false},"excerpt":{"rendered":"<p>Banskobystrick\u00fd K\u0148azsk\u00fd semin\u00e1r sv. Franti\u0161ka Xaversk\u00e9ho v&nbsp;spolupr\u00e1ci s&nbsp;Katedrou biblick\u00fdch vied na R\u00edmskokatol\u00edckej cyrilo-metodskej bohosloveckej fakulte Univerzity Komensk\u00e9ho spolu s veriacimi s Farnosti Leh\u00f4tka pod Vt\u00e1\u010dnikom d\u0148a&nbsp; 14. marca 2011 urobil \u010fal\u0161\u00ed krok pr\u00edpravy k Jubileu pr\u00edchodu Sol\u00fanskych bratov na na\u0161e \u00fazemie. Bol n\u00edm druh\u00fd de\u0148 stretnutia z cyklu Slovom \u017ealmu k jubileu. Ve\u010der mal ako &hellip; <a href=\"https:\/\/blazejstrba.eu\/it\/slovom-zalmu-k-jubileu-z-8\/\" class=\"more-link\">Continue reading <span class=\"screen-reader-text\">Slovom \u017ealmu k jubileu &#8211; \u010co\u017ee je \u010dlovek \u017d 8<\/span> <span class=\"meta-nav\">&rarr;<\/span><\/a><\/p>\n","protected":false},"author":2,"featured_media":0,"comment_status":"closed","ping_status":"open","sticky":false,"template":"","format":"standard","meta":{"footnotes":""},"categories":[5],"tags":[],"translation":{"provider":"WPGlobus","version":"3.0.0","language":"it","enabled_languages":["sk","en","it"],"languages":{"sk":{"title":true,"content":true,"excerpt":false},"en":{"title":false,"content":false,"excerpt":false},"it":{"title":false,"content":false,"excerpt":false}}},"_links":{"self":[{"href":"https:\/\/blazejstrba.eu\/it\/wp-json\/wp\/v2\/posts\/1285"}],"collection":[{"href":"https:\/\/blazejstrba.eu\/it\/wp-json\/wp\/v2\/posts"}],"about":[{"href":"https:\/\/blazejstrba.eu\/it\/wp-json\/wp\/v2\/types\/post"}],"author":[{"embeddable":true,"href":"https:\/\/blazejstrba.eu\/it\/wp-json\/wp\/v2\/users\/2"}],"replies":[{"embeddable":true,"href":"https:\/\/blazejstrba.eu\/it\/wp-json\/wp\/v2\/comments?post=1285"}],"version-history":[{"count":7,"href":"https:\/\/blazejstrba.eu\/it\/wp-json\/wp\/v2\/posts\/1285\/revisions"}],"predecessor-version":[{"id":6940,"href":"https:\/\/blazejstrba.eu\/it\/wp-json\/wp\/v2\/posts\/1285\/revisions\/6940"}],"wp:attachment":[{"href":"https:\/\/blazejstrba.eu\/it\/wp-json\/wp\/v2\/media?parent=1285"}],"wp:term":[{"taxonomy":"category","embeddable":true,"href":"https:\/\/blazejstrba.eu\/it\/wp-json\/wp\/v2\/categories?post=1285"},{"taxonomy":"post_tag","embeddable":true,"href":"https:\/\/blazejstrba.eu\/it\/wp-json\/wp\/v2\/tags?post=1285"}],"curies":[{"name":"wp","href":"https:\/\/api.w.org\/{rel}","templated":true}]}}