{"id":1189,"date":"2011-01-22T22:41:34","date_gmt":"2011-01-22T20:41:34","guid":{"rendered":"http:\/\/www.blazejstrba.eu\/?p=1189"},"modified":"2011-11-08T23:22:37","modified_gmt":"2011-11-08T21:22:37","slug":"slovom-zalmu-k-jubileu","status":"publish","type":"post","link":"https:\/\/blazejstrba.eu\/it\/slovom-zalmu-k-jubileu\/","title":{"rendered":"Slovom \u017ealmu k jubileu"},"content":{"rendered":"<p><a title=\"Slovom \u017ealmu k jubileu - z plag\u00e1tu (J. J\u00e1ger)\" href=\"http:\/\/www.blazejstrba.eu\/wp-content\/uploads\/SZkJ-obrazok-m.jpg\"><img loading=\"lazy\" decoding=\"async\" class=\"alignleft size-thumbnail wp-image-1213\" title=\"SZkJ-obrazok-m\" src=\"http:\/\/www.blazejstrba.eu\/wp-content\/uploads\/SZkJ-obrazok-m-150x150.jpg\" alt=\"Slovom \u017ealmu k jubileu - z plag\u00e1tu (J. J\u00e1ger)\" width=\"150\" height=\"150\" \/><\/a>Banskobystrick\u00fd K\u0148azsk\u00fd semin\u00e1r  sv. Franti\u0161ka Xaversk\u00e9ho v\u00a0spolupr\u00e1ci s\u00a0Katedrou biblick\u00fdch vied na  R\u00edmskokatol\u00edckej  cyrilo-metodskej bohosloveckej fakulte Univerzity  Komensk\u00e9ho otvoril na sviatok spolupatr\u00f3nov Eur\u00f3py<strong> 14. febru\u00e1ra 2011<\/strong> trojro\u010dn\u00fd cyklus mesa\u010dn\u00fdch tematick\u00fdch  stretnut\u00ed pod n\u00e1zvom <a href=\"http:\/\/www.blazejstrba.eu\/?file_id=42\"><strong><em>Slovom \u017ealmu k jubileu<\/em><\/strong><\/a>.<\/p>\n<p>Prv\u00fd tematick\u00fd ve\u010der s n\u00e1zvom <a href=\"http:\/\/www.blazejstrba.eu\/?file_id=43\"><strong>Bla\u017een\u00ed v\u0161etci<\/strong> (\u017d 1-2)<\/a>, 14.  febru\u00e1ra 2011,<strong> <\/strong>sa za\u010dal sv\u00e4tou om\u0161ou spojenou, celebrovanou otcom biskupom Mons. R. Bal\u00e1\u017eom, spojenou s modlitbou ve\u0161pier o  18.30 hod. Predn\u00e1\u0161kov\u00fa \u010das\u0165 otvoril pr\u00edhovorom&#8230;<!--more--> rektor KSFX, J\u00e1n Vigla\u0161, historick\u00fd exkurz predstavil diakon P. Bal\u00e1\u017e a biblick\u00fa predn\u00e1\u0161ku na t\u00e9mu Bla\u017een\u00ed v\u0161etci (\u017d 1 &#8211; 2) viedol B. \u0160trba. Po diskusii nasledovalo kr\u00e1tke ob\u010derstvenie.<strong><br \/>\n<\/strong><\/p>\n<p>Mesa\u010dn\u00e9 stretnutia cyklu <strong><em>Slovom \u017ealmu k jubileu <\/em><\/strong>(\u010falej <strong><em>S\u017dJ<\/em><\/strong>) sa uskuto\u010dnia v priestoroch  K\u0148azsk\u00e9ho semin\u00e1ra v Bad\u00edne a bud\u00fa pozost\u00e1va\u0165 z modlitby ve\u0161pier, \u010d\u00edtania a v\u00fdkladu \u017ealmov a kr\u00e1tkeho historick\u00e9ho cyrilo-metodsk\u00e9ho exkurzu.<\/p>\n<p>Priebeh stretnut\u00ed<\/p>\n<p>1.\u00a0\u00a0\u00a0 Spolo\u010dn\u00e9 sl\u00e1venie ve\u0161pier o 19.30 hod.<br \/>\n2.\u00a0\u00a0\u00a0 Historick\u00fd exkurz<br \/>\n3.\u00a0\u00a0\u00a0 \u010c\u00edtanie a v\u00fdklad \u017ealmov<br \/>\n4.\u00a0\u00a0\u00a0 Diskusia do 21.15 hod.<\/p>\n<p>Cyklus <strong><em>S\u017dJ <\/em><\/strong>vych\u00e1dza z trad\u00edcie<em> biblick\u00fdch ve\u010derov <\/em>z minul\u00fdch rokov, ktor\u00e9, podobne ako tento, s\u00fa odpove\u010fou na v\u00fdzvu posynod\u00e1lnej exhort\u00e1cie <em><strong>Pane, zosta\u0148 s nami<\/strong> (<\/em>\u010d. 80) po &#8220;l\u00e1man\u00ed chleba&#8221;.\u00a0 Cyklus tie\u017e reaguje na p\u00e1pe\u017esk\u00fa posynod\u00e1lnu exhort\u00e1ciu <strong><em>Verbum Domini<\/em><\/strong>, ktor\u00e1 vol\u00e1 po sl\u00e1ven\u00ed Slova. No a bezprostredn\u00fdm tret\u00edm podnetom bola v\u00fdzva Konferencie biskupov Slovenska,  v\u00a0r\u00e1mci pr\u00edprav na bl\u00ed\u017eiace sa<strong> <em>jubileum 1150. v\u00fdro\u010dia pr\u00edchodu  sv. Cyrila a\u00a0Metoda<\/em> <\/strong>na na\u0161e \u00fazemie, ktor\u00e9  bude sl\u00e1ven\u00e9 v\u00a0roku  2013.<\/p>\n<p>Tento trojro\u010dn\u00fd cyklus mesa\u010dn\u00fdch stretnut\u00ed <em>S\u017dJ <\/em>je teda odpove\u010fou na tri r\u00f4zne v\u00fdzvy. Na prv\u00fa <em>diec\u00e9znu <\/em>v\u00fdzvu po biblickej permanentnej form\u00e1cii odpoved\u00e1 o zameran\u00edm sa na Sv\u00e4t\u00e9 p\u00edsmo. Na druh\u00fa <em>celo-cirkevn\u00fa<\/em> v\u00fdzvu odpoved\u00e1 t\u00fdm, \u017ee to bude v kontexte spolo\u010dnej modlitby. Na tretiu v\u00fdzvu <em>celoslovensk\u00fa <\/em>&#8211; od KBS, odpoved\u00e1 v\u00fdberom biblickej Knihy \u017ealmov, ktor\u00e1 podnecuje rast v poznan\u00ed Bo\u017eieho slov a rozoh\u0148uje k spolo\u010dnej modlitbe.<\/p>\n<p><strong>T\u00e9my stretnut\u00ed s\u00fa na plag\u00e1te (<a href=\"http:\/\/www.blazejstrba.eu\/?file_id=42\">tu<\/a>).<br \/>\n<\/strong><\/p>\n","protected":false},"excerpt":{"rendered":"<p>Banskobystrick\u00fd K\u0148azsk\u00fd semin\u00e1r sv. Franti\u0161ka Xaversk\u00e9ho v\u00a0spolupr\u00e1ci s\u00a0Katedrou biblick\u00fdch vied na R\u00edmskokatol\u00edckej cyrilo-metodskej bohosloveckej fakulte Univerzity Komensk\u00e9ho otvoril na sviatok spolupatr\u00f3nov Eur\u00f3py 14. febru\u00e1ra 2011 trojro\u010dn\u00fd cyklus mesa\u010dn\u00fdch tematick\u00fdch stretnut\u00ed pod n\u00e1zvom Slovom \u017ealmu k jubileu. Prv\u00fd tematick\u00fd ve\u010der s n\u00e1zvom Bla\u017een\u00ed v\u0161etci (\u017d 1-2), 14. febru\u00e1ra 2011, sa za\u010dal sv\u00e4tou om\u0161ou spojenou, celebrovanou otcom &hellip; <a href=\"https:\/\/blazejstrba.eu\/it\/slovom-zalmu-k-jubileu\/\" class=\"more-link\">Continue reading <span class=\"screen-reader-text\">Slovom \u017ealmu k jubileu<\/span> <span class=\"meta-nav\">&rarr;<\/span><\/a><\/p>\n","protected":false},"author":2,"featured_media":0,"comment_status":"closed","ping_status":"open","sticky":false,"template":"","format":"standard","meta":{"footnotes":""},"categories":[5],"tags":[],"translation":{"provider":"WPGlobus","version":"3.0.0","language":"it","enabled_languages":["sk","en","it"],"languages":{"sk":{"title":true,"content":true,"excerpt":false},"en":{"title":false,"content":false,"excerpt":false},"it":{"title":false,"content":false,"excerpt":false}}},"_links":{"self":[{"href":"https:\/\/blazejstrba.eu\/it\/wp-json\/wp\/v2\/posts\/1189"}],"collection":[{"href":"https:\/\/blazejstrba.eu\/it\/wp-json\/wp\/v2\/posts"}],"about":[{"href":"https:\/\/blazejstrba.eu\/it\/wp-json\/wp\/v2\/types\/post"}],"author":[{"embeddable":true,"href":"https:\/\/blazejstrba.eu\/it\/wp-json\/wp\/v2\/users\/2"}],"replies":[{"embeddable":true,"href":"https:\/\/blazejstrba.eu\/it\/wp-json\/wp\/v2\/comments?post=1189"}],"version-history":[{"count":21,"href":"https:\/\/blazejstrba.eu\/it\/wp-json\/wp\/v2\/posts\/1189\/revisions"}],"predecessor-version":[{"id":2026,"href":"https:\/\/blazejstrba.eu\/it\/wp-json\/wp\/v2\/posts\/1189\/revisions\/2026"}],"wp:attachment":[{"href":"https:\/\/blazejstrba.eu\/it\/wp-json\/wp\/v2\/media?parent=1189"}],"wp:term":[{"taxonomy":"category","embeddable":true,"href":"https:\/\/blazejstrba.eu\/it\/wp-json\/wp\/v2\/categories?post=1189"},{"taxonomy":"post_tag","embeddable":true,"href":"https:\/\/blazejstrba.eu\/it\/wp-json\/wp\/v2\/tags?post=1189"}],"curies":[{"name":"wp","href":"https:\/\/api.w.org\/{rel}","templated":true}]}}