{"id":1105,"date":"2010-12-22T09:25:30","date_gmt":"2010-12-22T07:25:30","guid":{"rendered":"http:\/\/www.blazejstrba.eu\/?p=1105"},"modified":"2011-11-08T23:23:59","modified_gmt":"2011-11-08T21:23:59","slug":"s-prorokmi-k-jezisovi-vins","status":"publish","type":"post","link":"https:\/\/blazejstrba.eu\/it\/s-prorokmi-k-jezisovi-vins\/","title":{"rendered":"Vin\u0161 ver\u0161om k Vianociam"},"content":{"rendered":"<p><span style=\"color: #003300;\"><strong><a href=\"http:\/\/www.blazejstrba.eu\/wp-content\/uploads\/Hviezda-v-Bazilike-narodenia-Betlehem.jpg\"><img loading=\"lazy\" decoding=\"async\" class=\"alignleft size-thumbnail wp-image-1115\" title=\"Hviezda v Bazilike narodenia - Betlehem, 2004\" src=\"http:\/\/www.blazejstrba.eu\/wp-content\/uploads\/Hviezda-v-Bazilike-narodenia-Betlehem-150x150.jpg\" alt=\"\" width=\"150\" height=\"150\" \/><\/a><\/strong><\/span><\/p>\n<h3><span style=\"color: #003300;\"><strong>Pris\u013e\u00faben\u00e9 dary od Mesi\u00e1\u0161a <\/strong><\/span><\/h3>\n<p><span style=\"color: #003300;\"><strong><br \/>\n<\/strong><\/span><\/p>\n<p><span style=\"color: #003300;\"><strong>Prorok n\u00e1m hovoril o \u010dase,<\/strong><\/span><\/p>\n<p><span style=\"color: #003300;\"><strong>vraj narod\u00ed sa Princ pokoja;<\/strong><\/span><\/p>\n<p><span style=\"color: #003300;\"><strong>a vlk s\u00a0ovcou, te\u013ea s\u00a0levom \u2013 v\u00a0jednej chase,<\/strong><\/span><\/p>\n<p><span style=\"color: #003300;\"><strong>bud\u00fa znamen\u00edm \u0161\u0165astia, nie rozbroja!<!--more--><\/strong><\/span><\/p>\n<p style=\"padding-left: 30px;\"><span style=\"color: #800000;\"><strong>Izai\u00e1\u0161 prorokoval o\u00a0chv\u00edli,<\/strong><\/span><\/p>\n<p style=\"padding-left: 30px;\"><span style=\"color: #800000;\"><strong>ke\u010f \u0161tedr\u00fd Darca zo svojho ducha<\/strong><\/span><\/p>\n<p style=\"padding-left: 30px;\"><span style=\"color: #800000;\"><strong>d\u00e1 z m\u00fadrosti, rozumu, sily,<\/strong><\/span><\/p>\n<p style=\"padding-left: 30px;\"><span style=\"color: #800000;\"><strong>rady, poznania n\u00e1m do ucha.<\/strong><\/span><\/p>\n<p style=\"padding-left: 30px;\"><span style=\"color: #800000;\"><strong>A z b\u00e1zne Bo\u017eej, n\u00e1bo\u017enosti<\/strong><\/span><\/p>\n<p style=\"padding-left: 30px;\"><span style=\"color: #800000;\"><strong>n\u00e1m neprestajne vnuk\u00e1.<\/strong><\/span><\/p>\n<p><span style=\"color: #003300;\"><strong>To Knie\u017ea pokoja \u2013 mocn\u00fd vl\u00e1dca,<\/strong><\/span><\/p>\n<p><span style=\"color: #003300;\"><strong>u\u017e d\u00e1vno zav\u00edtal, no nie silou hlasu,<\/strong><\/span><\/p>\n<p><span style=\"color: #003300;\"><strong>ke\u010f Gabriel, posol Bo\u017e\u00ed\u00a0 , M\u00e1rii chlapca<\/strong><\/span><\/p>\n<p><span style=\"color: #003300;\"><strong>narodenie ohl\u00e1sil \u2013 Bo\u017eiu kr\u00e1su.<\/strong><\/span><\/p>\n<p style=\"padding-left: 30px;\"><span style=\"color: #993300;\"><strong>Vtedy za\u010dala sl\u00e1vohra nehy,<\/strong><\/span><\/p>\n<p style=\"padding-left: 30px;\"><span style=\"color: #993300;\"><strong>Boh v\u00a0\u010dloveku, \u010dlovek Duchom naplnen\u00fd.<\/strong><\/span><\/p>\n<p style=\"padding-left: 30px;\"><span style=\"color: #993300;\"><strong>Zakvitli \u013eudstva such\u00e9 brehy&#8230;<\/strong><\/span><\/p>\n<p style=\"padding-left: 30px;\"><span style=\"color: #993300;\"><strong>A\u00a0neha Boha premohla svet zlobou preplnen\u00fd.<\/strong><\/span><\/p>\n<p><span style=\"color: #003300;\"><strong>Nech m\u00fadros\u0165 preb\u00fdva v\u00a0n\u00e1s,<\/strong><\/span><\/p>\n<p><span style=\"color: #003300;\"><strong>By sklesl\u00e9 ruky spevneli;<\/strong><\/span><\/p>\n<p><span style=\"color: #003300;\"><strong>Aj dar rozumu, vz\u00e1cnej\u0161\u00ed nad top\u00e1s,<\/strong><\/span><\/p>\n<p><span style=\"color: #003300;\"><strong>By podlomen\u00fdch premenil<em>.<\/em><\/strong><\/span><\/p>\n<p><span style=\"color: #003300;\"><strong>Dar rady, tie\u017e je mesi\u00e1\u0161sky,<\/strong><\/span><\/p>\n<p><span style=\"color: #003300;\"><strong>povzbudi\u0165 malomyse\u013en\u00fdch;<\/strong><\/span><\/p>\n<p><span style=\"color: #003300;\"><strong>Dar sily \u2013 nech nerobia si vr\u00e1sky;<\/strong><\/span><\/p>\n<p><span style=\"color: #003300;\"><strong>\u2013 S\u00fa dary poznania jeho vyvolen\u00fdch.<\/strong><\/span><\/p>\n<p style=\"padding-left: 30px;\"><span style=\"color: #800000;\"><strong>\u00cds\u0165 s\u00a0b\u00e1z\u0148ou k\u00a0vzne\u0161en\u00e9mu Darcovi,<\/strong><\/span><\/p>\n<p style=\"padding-left: 30px;\"><span style=\"color: #800000;\"><strong>a n\u00e1bo\u017ene \u017ei\u0165 pod ochranou Matky,<\/strong><\/span><\/p>\n<p style=\"padding-left: 30px;\"><span style=\"color: #800000;\"><strong>znamen\u00e1 poda\u0165 ruku padaj\u00facemu chodcovi,<\/strong><\/span><\/p>\n<p style=\"padding-left: 30px;\"><span style=\"color: #800000;\"><strong>podeli\u0165 sa s t\u00fdm, \u010do m\u00e1 statky&#8230;<\/strong><\/span><\/p>\n<p style=\"padding-left: 30px;\"><span style=\"color: #800000;\"><strong>Tak vzd\u00e1me sl\u00e1vu Bo\u017eiemu Synovi,<\/strong><\/span><\/p>\n<p style=\"padding-left: 30px;\"><span style=\"color: #800000;\"><strong>a\u00a0na rados\u0165 z\u00a0Vianoc n\u00e1m bude i\u00a0\u017eivot kr\u00e1tky!<\/strong><\/span><\/p>\n<p style=\"text-align: right;\"><em>B.\u0160.<\/em><\/p>\n","protected":false},"excerpt":{"rendered":"<p>Pris\u013e\u00faben\u00e9 dary od Mesi\u00e1\u0161a Prorok n\u00e1m hovoril o \u010dase, vraj narod\u00ed sa Princ pokoja; a vlk s\u00a0ovcou, te\u013ea s\u00a0levom \u2013 v\u00a0jednej chase, bud\u00fa znamen\u00edm \u0161\u0165astia, nie rozbroja!<\/p>\n","protected":false},"author":2,"featured_media":0,"comment_status":"closed","ping_status":"open","sticky":false,"template":"","format":"standard","meta":{"footnotes":""},"categories":[5],"tags":[],"translation":{"provider":"WPGlobus","version":"3.0.0","language":"it","enabled_languages":["sk","en","it"],"languages":{"sk":{"title":true,"content":true,"excerpt":false},"en":{"title":false,"content":false,"excerpt":false},"it":{"title":false,"content":false,"excerpt":false}}},"_links":{"self":[{"href":"https:\/\/blazejstrba.eu\/it\/wp-json\/wp\/v2\/posts\/1105"}],"collection":[{"href":"https:\/\/blazejstrba.eu\/it\/wp-json\/wp\/v2\/posts"}],"about":[{"href":"https:\/\/blazejstrba.eu\/it\/wp-json\/wp\/v2\/types\/post"}],"author":[{"embeddable":true,"href":"https:\/\/blazejstrba.eu\/it\/wp-json\/wp\/v2\/users\/2"}],"replies":[{"embeddable":true,"href":"https:\/\/blazejstrba.eu\/it\/wp-json\/wp\/v2\/comments?post=1105"}],"version-history":[{"count":19,"href":"https:\/\/blazejstrba.eu\/it\/wp-json\/wp\/v2\/posts\/1105\/revisions"}],"predecessor-version":[{"id":2029,"href":"https:\/\/blazejstrba.eu\/it\/wp-json\/wp\/v2\/posts\/1105\/revisions\/2029"}],"wp:attachment":[{"href":"https:\/\/blazejstrba.eu\/it\/wp-json\/wp\/v2\/media?parent=1105"}],"wp:term":[{"taxonomy":"category","embeddable":true,"href":"https:\/\/blazejstrba.eu\/it\/wp-json\/wp\/v2\/categories?post=1105"},{"taxonomy":"post_tag","embeddable":true,"href":"https:\/\/blazejstrba.eu\/it\/wp-json\/wp\/v2\/tags?post=1105"}],"curies":[{"name":"wp","href":"https:\/\/api.w.org\/{rel}","templated":true}]}}