{"id":980,"date":"2010-12-01T17:06:48","date_gmt":"2010-12-01T15:06:48","guid":{"rendered":"http:\/\/www.blazejstrba.eu\/?p=980"},"modified":"2011-11-08T23:24:26","modified_gmt":"2011-11-08T21:24:26","slug":"lectio-starozakonnych-citani-v-roku-a-%e2%80%93-druha-adventna","status":"publish","type":"post","link":"https:\/\/blazejstrba.eu\/en\/lectio-starozakonnych-citani-v-roku-a-%e2%80%93-druha-adventna\/","title":{"rendered":"Lectio staroz\u00e1konn\u00fdch \u010d\u00edtan\u00ed v roku A \u2013 Druh\u00e1 adventn\u00e1"},"content":{"rendered":"<p><a href=\"http:\/\/www.blazejstrba.eu\/wp-content\/uploads\/Iz-111-5-Panov-duch-na-v\u00fdhonku-Jeseho.jpg\"><img loading=\"lazy\" decoding=\"async\" class=\"alignleft size-thumbnail wp-image-989\" title=\"Iz 11,1-5 - Panov duch na v\u00fdhonku Jeseho\" src=\"http:\/\/www.blazejstrba.eu\/wp-content\/uploads\/Iz-111-5-Panov-duch-na-v\u00fdhonku-Jeseho-150x150.jpg\" alt=\"\" width=\"150\" height=\"150\" \/><\/a><em>Po\u010das liturgick\u00e9ho  roka A bude kr\u00e1tko, v troch bodoch komentovan\u00e9 <strong>prv\u00e9 z troch nede\u013en\u00fdch  \u010d\u00edtan\u00ed<\/strong>, resp. \u010d\u00edtan\u00ed zo sl\u00e1vnost\u00ed. Tento koment\u00e1r k vybran\u00fdm <strong>staroz\u00e1konn\u00fdm <\/strong>statiam  bude dostupn\u00fd v sekcii Word and Worship, v \u010dasti <a href=\"http:\/\/www.blazejstrba.eu\/lang\/sk\/worship-to-the-word\/lectio-rok-a\/\"><strong>Lectio A<\/strong><\/a>.  Pravidelnos\u0165 tejto aktivity nie je zaru\u010den\u00e1 a bude viac orientovan\u00e1 na  siln\u00e9 liturgick\u00e9 obdobia. Pr\u00edpadn\u00ed z\u00e1ujemcovia jej m\u00f4\u017ee napom\u00f4c\u0165, resp.  ovplyvni\u0165 t\u00fdm, ak mi nap\u00ed\u0161u sp\u00e4tn\u00fa v\u00e4zbu.<\/em><\/p>\n<h3>Iz 11,1-10 &#8211; P\u00e1nov duch na bud\u00facom vl\u00e1dcovi<\/h3>\n<ul>\n<li>\n<h4>Iz 11,1-5 ako vit\u00e1lna relekt\u00fara in\u00fdch stat\u00ed<\/h4>\n<\/li>\n<\/ul>\n<p>Text Iz 11,1-5 predpoklad\u00e1 dva in\u00e9 prorock\u00e9 texty, ktor\u00e9 u\u017e hovorili o\u00a0pris\u013e\u00fabenom a\u00a0o\u010dak\u00e1vanom d\u00e1vidovskom kr\u00e1\u013eovi. V\u00a0prvom z\u00a0nich, Ez 34,23-25, je bud\u00faci d\u00e1vidovsk\u00fd kr\u00e1\u013e&#8230;\u00a0 (pokra\u010duje <a href=\"http:\/\/www.blazejstrba.eu\/lang\/sk\/worship-to-the-word\/lectio-rok-a\/\">tu<\/a>)<\/p>\n","protected":false},"excerpt":{"rendered":"<p>Po\u010das liturgick\u00e9ho roka A bude kr\u00e1tko, v troch bodoch komentovan\u00e9 prv\u00e9 z troch nede\u013en\u00fdch \u010d\u00edtan\u00ed, resp. \u010d\u00edtan\u00ed zo sl\u00e1vnost\u00ed. Tento koment\u00e1r k vybran\u00fdm staroz\u00e1konn\u00fdm statiam bude dostupn\u00fd v sekcii Word and Worship, v \u010dasti Lectio A. Pravidelnos\u0165 tejto aktivity nie je zaru\u010den\u00e1 a bude viac orientovan\u00e1 na siln\u00e9 liturgick\u00e9 obdobia. Pr\u00edpadn\u00ed z\u00e1ujemcovia jej m\u00f4\u017ee napom\u00f4c\u0165, &hellip; <a href=\"https:\/\/blazejstrba.eu\/en\/lectio-starozakonnych-citani-v-roku-a-%e2%80%93-druha-adventna\/\" class=\"more-link\">Continue reading <span class=\"screen-reader-text\">Lectio staroz\u00e1konn\u00fdch \u010d\u00edtan\u00ed v roku A \u2013 Druh\u00e1 adventn\u00e1<\/span> <span class=\"meta-nav\">&rarr;<\/span><\/a><\/p>\n","protected":false},"author":2,"featured_media":0,"comment_status":"closed","ping_status":"open","sticky":false,"template":"","format":"standard","meta":{"footnotes":""},"categories":[5],"tags":[],"translation":{"provider":"WPGlobus","version":"3.0.0","language":"en","enabled_languages":["sk","en","it"],"languages":{"sk":{"title":true,"content":true,"excerpt":false},"en":{"title":false,"content":false,"excerpt":false},"it":{"title":false,"content":false,"excerpt":false}}},"_links":{"self":[{"href":"https:\/\/blazejstrba.eu\/en\/wp-json\/wp\/v2\/posts\/980"}],"collection":[{"href":"https:\/\/blazejstrba.eu\/en\/wp-json\/wp\/v2\/posts"}],"about":[{"href":"https:\/\/blazejstrba.eu\/en\/wp-json\/wp\/v2\/types\/post"}],"author":[{"embeddable":true,"href":"https:\/\/blazejstrba.eu\/en\/wp-json\/wp\/v2\/users\/2"}],"replies":[{"embeddable":true,"href":"https:\/\/blazejstrba.eu\/en\/wp-json\/wp\/v2\/comments?post=980"}],"version-history":[{"count":17,"href":"https:\/\/blazejstrba.eu\/en\/wp-json\/wp\/v2\/posts\/980\/revisions"}],"predecessor-version":[{"id":2033,"href":"https:\/\/blazejstrba.eu\/en\/wp-json\/wp\/v2\/posts\/980\/revisions\/2033"}],"wp:attachment":[{"href":"https:\/\/blazejstrba.eu\/en\/wp-json\/wp\/v2\/media?parent=980"}],"wp:term":[{"taxonomy":"category","embeddable":true,"href":"https:\/\/blazejstrba.eu\/en\/wp-json\/wp\/v2\/categories?post=980"},{"taxonomy":"post_tag","embeddable":true,"href":"https:\/\/blazejstrba.eu\/en\/wp-json\/wp\/v2\/tags?post=980"}],"curies":[{"name":"wp","href":"https:\/\/api.w.org\/{rel}","templated":true}]}}