{"id":972,"date":"2010-12-05T08:25:04","date_gmt":"2010-12-05T06:25:04","guid":{"rendered":"http:\/\/www.blazejstrba.eu\/?p=972"},"modified":"2023-02-25T19:44:59","modified_gmt":"2023-02-25T18:44:59","slug":"972","status":"publish","type":"post","link":"https:\/\/blazejstrba.eu\/en\/972\/","title":{"rendered":"Svetsk\u00ed franti\u0161k\u00e1ni a Sv\u00e4t\u00e9 p\u00edsmo vo Zvolene"},"content":{"rendered":"<p><a href=\"http:\/\/www.blazejstrba.eu\/wp-content\/uploads\/OFS-logo.jpg\"><img loading=\"lazy\" decoding=\"async\" class=\"alignleft size-full wp-image-973\" title=\"OFS - logo\" src=\"http:\/\/www.blazejstrba.eu\/wp-content\/uploads\/OFS-logo.jpg\" alt=\"\" width=\"100\" height=\"100\"><\/a>Bratstvo svetsk\u00fdch  franti\u0161k\u00e1nov Zvolen sa na svojich pravideln\u00fdch stretnutiach venuje t\u00e9me \u201eVytv\u00e1ra\u0165 spolo\u010denstvo nad Bo\u017e\u00edm slovom\u201c. Stretnutie v&nbsp;nede\u013eu&nbsp; <strong>5. decembra  2010<\/strong> sa za\u010dalo <strong>o 15.00 hod.<\/strong> predn\u00e1\u0161kou o tom, <strong>ako \u010d\u00edta\u0165 biblick\u00fd text a&nbsp;ma\u0165 \u00fa\u017eitok z&nbsp;Bo\u017eieho slova  v&nbsp;\u0148om <\/strong>(prezent\u00e1cia v powerpoint <a href=\"http:\/\/www.blazejstrba.eu\/?file_id=37\">tu<\/a>).<strong> <\/strong>Nasledovala diskusia, ktor\u00e1 bola ukon\u010den\u00e1 modlitbou ve\u0161pier o 17.35 hod. Bratstvo Zvolen na doteraj\u0161\u00edch stretnutiach \u010d\u00edtalo spolo\u010dne prv\u00fa biblick\u00fa knihu Genezis.<\/p>\n<p>Viac na <a href=\"http:\/\/www.assisi.sk\/modules\/news\/article.php?storyid=392\">str\u00e1nke OFS<\/a>.<\/p>\n","protected":false},"excerpt":{"rendered":"<p>Bratstvo svetsk\u00fdch franti\u0161k\u00e1nov Zvolen sa na svojich pravideln\u00fdch stretnutiach venuje t\u00e9me \u201eVytv\u00e1ra\u0165 spolo\u010denstvo nad Bo\u017e\u00edm slovom\u201c. Stretnutie v&nbsp;nede\u013eu&nbsp; 5. decembra 2010 sa za\u010dalo o 15.00 hod. predn\u00e1\u0161kou o tom, ako \u010d\u00edta\u0165 biblick\u00fd text a&nbsp;ma\u0165 \u00fa\u017eitok z&nbsp;Bo\u017eieho slova v&nbsp;\u0148om (prezent\u00e1cia v powerpoint tu). Nasledovala diskusia, ktor\u00e1 bola ukon\u010den\u00e1 modlitbou ve\u0161pier o 17.35 hod. Bratstvo Zvolen na &hellip; <a href=\"https:\/\/blazejstrba.eu\/en\/972\/\" class=\"more-link\">Continue reading <span class=\"screen-reader-text\">Svetsk\u00ed franti\u0161k\u00e1ni a Sv\u00e4t\u00e9 p\u00edsmo vo Zvolene<\/span> <span class=\"meta-nav\">&rarr;<\/span><\/a><\/p>\n","protected":false},"author":2,"featured_media":0,"comment_status":"closed","ping_status":"open","sticky":false,"template":"","format":"standard","meta":{"footnotes":""},"categories":[5],"tags":[],"translation":{"provider":"WPGlobus","version":"3.0.0","language":"en","enabled_languages":["sk","en","it"],"languages":{"sk":{"title":true,"content":true,"excerpt":false},"en":{"title":false,"content":false,"excerpt":false},"it":{"title":false,"content":false,"excerpt":false}}},"_links":{"self":[{"href":"https:\/\/blazejstrba.eu\/en\/wp-json\/wp\/v2\/posts\/972"}],"collection":[{"href":"https:\/\/blazejstrba.eu\/en\/wp-json\/wp\/v2\/posts"}],"about":[{"href":"https:\/\/blazejstrba.eu\/en\/wp-json\/wp\/v2\/types\/post"}],"author":[{"embeddable":true,"href":"https:\/\/blazejstrba.eu\/en\/wp-json\/wp\/v2\/users\/2"}],"replies":[{"embeddable":true,"href":"https:\/\/blazejstrba.eu\/en\/wp-json\/wp\/v2\/comments?post=972"}],"version-history":[{"count":7,"href":"https:\/\/blazejstrba.eu\/en\/wp-json\/wp\/v2\/posts\/972\/revisions"}],"predecessor-version":[{"id":6869,"href":"https:\/\/blazejstrba.eu\/en\/wp-json\/wp\/v2\/posts\/972\/revisions\/6869"}],"wp:attachment":[{"href":"https:\/\/blazejstrba.eu\/en\/wp-json\/wp\/v2\/media?parent=972"}],"wp:term":[{"taxonomy":"category","embeddable":true,"href":"https:\/\/blazejstrba.eu\/en\/wp-json\/wp\/v2\/categories?post=972"},{"taxonomy":"post_tag","embeddable":true,"href":"https:\/\/blazejstrba.eu\/en\/wp-json\/wp\/v2\/tags?post=972"}],"curies":[{"name":"wp","href":"https:\/\/api.w.org\/{rel}","templated":true}]}}