{"id":5848,"date":"2018-12-15T14:46:32","date_gmt":"2018-12-15T12:46:32","guid":{"rendered":"https:\/\/www.blazejstrba.eu\/?p=5848"},"modified":"2018-12-15T14:46:42","modified_gmt":"2018-12-15T12:46:42","slug":"emocie-v-bibli","status":"publish","type":"post","link":"https:\/\/blazejstrba.eu\/en\/emocie-v-bibli\/","title":{"rendered":"Em\u00f3cie v Biblii"},"content":{"rendered":"<figure id=\"attachment_5849\" aria-describedby=\"caption-attachment-5849\" style=\"width: 150px\" class=\"wp-caption alignleft\"><a href=\"https:\/\/www.blazejstrba.eu\/emocie-v-bibli\/vysec-z-obalky\/\" rel=\"attachment wp-att-5849\"><img loading=\"lazy\" decoding=\"async\" class=\"size-thumbnail wp-image-5849\" src=\"https:\/\/www.blazejstrba.eu\/wp-content\/uploads\/Vysec\u030c-z-oba\u0301lky-150x150.jpg\" alt=\"\" width=\"150\" height=\"150\" \/><\/a><figcaption id=\"caption-attachment-5849\" class=\"wp-caption-text\">Em\u00f3cie v Biblii (z ob\u00e1lky)<\/figcaption><\/figure>\n<p>R\u00edmskokatol\u00edcka cyrilometodsk\u00e1 bohosloveck\u00e1 fakulta Univerzity Komensk\u00e9ho vydala vedeck\u00fa publik\u00e1ciu s n\u00e1zvom<em><strong> Em\u00f3cie v Biblii.<\/strong> V\u00fdskum fenom\u00e9nu em\u00f3ci\u00ed v biblickej trad\u00edcii. <\/em>Pod\u013ea slov prof. P. Farka\u0161a, &#8220;jednotliv\u00e9 kapitoly v\u00a0tejto monografii s\u00fa v\u00fdsledkom b\u00e1dania renomovan\u00fdch odborn\u00edkov a\u00a0z\u00e1rove\u0148 prv\u00fdm <!--more-->konkr\u00e9tnym zverejnen\u00edm v\u00fdskumu interdisciplin\u00e1rneho autorsk\u00e9ho kolekt\u00edvu na Slovensku a v \u010cesku.&#8221; Farka\u0161 pova\u017euje knihu za ve\u013ek\u00fd pr\u00ednos &#8220;v\u00a0slovenskom akademickom odbornom prostred\u00ed pre pedag\u00f3gov i\u00a0\u0161tudentov. Kniha, ktor\u00e1 sa s\u00fastre\u010fuje na emocion\u00e1lny aspekt premietnut\u00fd do narat\u00edvneho a\u00a0poetick\u00e9ho rozmeru biblick\u00fdch textov, je z\u00e1rove\u0148 pozit\u00edvnou in\u0161pir\u00e1ciou pre \u010fal\u0161\u00ed v\u00fdskum v\u00a0danom smere. Pre \u010ditate\u013eov Biblie a\u00a0pre odborn\u00edkov v\u00a0biblick\u00fdch ved\u00e1ch je podnetom, aby neust\u00e1le nanovo \u010d\u00edtali a\u00a0d\u00f4kladnej\u0161ie sk\u00famali posolstvo Star\u00e9ho a\u00a0Nov\u00e9ho z\u00e1kona.&#8221;<\/p>\n<p>Publik\u00e1ciu bola predstaven\u00e1 na konferencii 14.12.2018.\u00a0 Je mo\u017en\u00e9 si ju zaobstara\u0165 osobne, objedna\u0165 telefonicky alebo mailom v <strong><a href=\"https:\/\/xaver.sk\/seminarna-kniznica\" target=\"_blank\" rel=\"noopener\">semin\u00e1rnej kni\u017enici<\/a><\/strong> K\u0148azsk\u00e9ho semin\u00e1ra sv. Franti\u0161ka Xaversk\u00e9ho v Bad\u00edne.<\/p>\n","protected":false},"excerpt":{"rendered":"<p>R\u00edmskokatol\u00edcka cyrilometodsk\u00e1 bohosloveck\u00e1 fakulta Univerzity Komensk\u00e9ho vydala vedeck\u00fa publik\u00e1ciu s n\u00e1zvom Em\u00f3cie v Biblii. V\u00fdskum fenom\u00e9nu em\u00f3ci\u00ed v biblickej trad\u00edcii. Pod\u013ea slov prof. P. Farka\u0161a, &#8220;jednotliv\u00e9 kapitoly v\u00a0tejto monografii s\u00fa v\u00fdsledkom b\u00e1dania renomovan\u00fdch odborn\u00edkov a\u00a0z\u00e1rove\u0148 prv\u00fdm<\/p>\n","protected":false},"author":2,"featured_media":0,"comment_status":"closed","ping_status":"open","sticky":false,"template":"","format":"standard","meta":{"footnotes":""},"categories":[5],"tags":[],"translation":{"provider":"WPGlobus","version":"3.0.0","language":"en","enabled_languages":["sk","en","it"],"languages":{"sk":{"title":true,"content":true,"excerpt":false},"en":{"title":false,"content":false,"excerpt":false},"it":{"title":false,"content":false,"excerpt":false}}},"_links":{"self":[{"href":"https:\/\/blazejstrba.eu\/en\/wp-json\/wp\/v2\/posts\/5848"}],"collection":[{"href":"https:\/\/blazejstrba.eu\/en\/wp-json\/wp\/v2\/posts"}],"about":[{"href":"https:\/\/blazejstrba.eu\/en\/wp-json\/wp\/v2\/types\/post"}],"author":[{"embeddable":true,"href":"https:\/\/blazejstrba.eu\/en\/wp-json\/wp\/v2\/users\/2"}],"replies":[{"embeddable":true,"href":"https:\/\/blazejstrba.eu\/en\/wp-json\/wp\/v2\/comments?post=5848"}],"version-history":[{"count":4,"href":"https:\/\/blazejstrba.eu\/en\/wp-json\/wp\/v2\/posts\/5848\/revisions"}],"predecessor-version":[{"id":5852,"href":"https:\/\/blazejstrba.eu\/en\/wp-json\/wp\/v2\/posts\/5848\/revisions\/5852"}],"wp:attachment":[{"href":"https:\/\/blazejstrba.eu\/en\/wp-json\/wp\/v2\/media?parent=5848"}],"wp:term":[{"taxonomy":"category","embeddable":true,"href":"https:\/\/blazejstrba.eu\/en\/wp-json\/wp\/v2\/categories?post=5848"},{"taxonomy":"post_tag","embeddable":true,"href":"https:\/\/blazejstrba.eu\/en\/wp-json\/wp\/v2\/tags?post=5848"}],"curies":[{"name":"wp","href":"https:\/\/api.w.org\/{rel}","templated":true}]}}