{"id":5362,"date":"2017-08-11T07:01:01","date_gmt":"2017-08-11T05:01:01","guid":{"rendered":"http:\/\/www.blazejstrba.eu\/?p=5362"},"modified":"2017-08-11T15:34:48","modified_gmt":"2017-08-11T13:34:48","slug":"7-skutocnych-a-7-symbolickych-rokov-v-sampore","status":"publish","type":"post","link":"https:\/\/blazejstrba.eu\/en\/7-skutocnych-a-7-symbolickych-rokov-v-sampore\/","title":{"rendered":"V Sampore 7 skuto\u010dn\u00fdch a 7 symbolick\u00fdch"},"content":{"rendered":"<p><a href=\"http:\/\/www.blazejstrba.eu\/7-hebrejske-zain\/\"><img loading=\"lazy\" decoding=\"async\" class=\"alignleft size-thumbnail wp-image-5381\" src=\"http:\/\/www.blazejstrba.eu\/wp-content\/uploads\/7-hebrejske\u0301-Zain-150x150.jpeg\" alt=\"\" width=\"150\" height=\"150\" \/><\/a>V najnov\u0161om ob\u010dasn\u00edku samporsk\u00fdch benedikt\u00ednov <strong><em>Estote benedicti<\/em><\/strong> (slov. <em>Bu\u010fte po\u017eehnan\u00ed<\/em>), \u010d. 20, p\u00ed\u0161e v \u00favodn\u00edku o. Franti\u0161ek: &#8220;\u00c1no, u\u017e je tomu <strong>sedem<\/strong> rokov, \u010do sme na Sampore. Poh\u013ead na t\u00fato skuto\u010dnos\u0165 tvor\u00ed <!--more-->zna\u010dn\u00fa \u010das\u0165 obsahu tohto 21. (3&#215;7=21) ob\u010dasn\u00edka. (Nedajte sa pom\u00fdli\u0165, \u017ee na ob\u00e1lke je \u010d\u00edslo 20. E\u0161te pred prv\u00fdm \u010d\u00edslom vy\u0161lo ako sk\u00fa\u0161obn\u00e9 \u201enult\u00e9\u201c \u010d\u00edslo, a tak sme doteraz vydali 21 \u010d\u00edsel EB.)&#8221;<\/p>\n<p>V benedikt\u00ednskom obe\u017en\u00edku sa m\u00f4\u017ete do\u010d\u00edta\u0165 aj o v\u00fdzname a vyu\u017eit\u00ed symbolick\u00e9ho \u010d\u00edsla 7 v Biblii v pr\u00edspevku &#8220;<strong><a href=\"http:\/\/www.blazejstrba.eu\/download\/symbolickych-sedem\/\">Symbolick\u00fdch sedem<\/a>&#8220;<\/strong>.<\/p>\n<p>Cel\u00e9 \u010d\u00edslo si m\u00f4\u017eete stiahnu\u0165 na webstr\u00e1nke benedikt\u00ednov: http:\/\/www.benediktini.sk\/?cat=3<\/p>\n","protected":false},"excerpt":{"rendered":"<p>V najnov\u0161om ob\u010dasn\u00edku samporsk\u00fdch benedikt\u00ednov Estote benedicti (slov. Bu\u010fte po\u017eehnan\u00ed), \u010d. 20, p\u00ed\u0161e v \u00favodn\u00edku o. Franti\u0161ek: &#8220;\u00c1no, u\u017e je tomu sedem rokov, \u010do sme na Sampore. Poh\u013ead na t\u00fato skuto\u010dnos\u0165 tvor\u00ed<\/p>\n","protected":false},"author":2,"featured_media":0,"comment_status":"closed","ping_status":"open","sticky":false,"template":"","format":"standard","meta":{"footnotes":""},"categories":[5,12],"tags":[],"translation":{"provider":"WPGlobus","version":"3.0.0","language":"en","enabled_languages":["sk","en","it"],"languages":{"sk":{"title":true,"content":true,"excerpt":false},"en":{"title":false,"content":false,"excerpt":false},"it":{"title":false,"content":false,"excerpt":false}}},"_links":{"self":[{"href":"https:\/\/blazejstrba.eu\/en\/wp-json\/wp\/v2\/posts\/5362"}],"collection":[{"href":"https:\/\/blazejstrba.eu\/en\/wp-json\/wp\/v2\/posts"}],"about":[{"href":"https:\/\/blazejstrba.eu\/en\/wp-json\/wp\/v2\/types\/post"}],"author":[{"embeddable":true,"href":"https:\/\/blazejstrba.eu\/en\/wp-json\/wp\/v2\/users\/2"}],"replies":[{"embeddable":true,"href":"https:\/\/blazejstrba.eu\/en\/wp-json\/wp\/v2\/comments?post=5362"}],"version-history":[{"count":10,"href":"https:\/\/blazejstrba.eu\/en\/wp-json\/wp\/v2\/posts\/5362\/revisions"}],"predecessor-version":[{"id":5383,"href":"https:\/\/blazejstrba.eu\/en\/wp-json\/wp\/v2\/posts\/5362\/revisions\/5383"}],"wp:attachment":[{"href":"https:\/\/blazejstrba.eu\/en\/wp-json\/wp\/v2\/media?parent=5362"}],"wp:term":[{"taxonomy":"category","embeddable":true,"href":"https:\/\/blazejstrba.eu\/en\/wp-json\/wp\/v2\/categories?post=5362"},{"taxonomy":"post_tag","embeddable":true,"href":"https:\/\/blazejstrba.eu\/en\/wp-json\/wp\/v2\/tags?post=5362"}],"curies":[{"name":"wp","href":"https:\/\/api.w.org\/{rel}","templated":true}]}}