{"id":4389,"date":"2016-06-03T11:16:33","date_gmt":"2016-06-03T09:16:33","guid":{"rendered":"http:\/\/www.blazejstrba.eu\/?p=4389"},"modified":"2016-06-03T11:16:33","modified_gmt":"2016-06-03T09:16:33","slug":"statne-skusky-aj-z-biblickych-vied","status":"publish","type":"post","link":"https:\/\/blazejstrba.eu\/en\/statne-skusky-aj-z-biblickych-vied\/","title":{"rendered":"\u0160t\u00e1tne sk\u00fa\u0161ky aj z biblick\u00fdch vied"},"content":{"rendered":"<figure id=\"attachment_1416\" aria-describedby=\"caption-attachment-1416\" style=\"width: 150px\" class=\"wp-caption alignleft\"><a href=\"http:\/\/www.blazejstrba.eu\/co-s-biblickou-nedelou\/intronizacia-biblie-m\/\" rel=\"attachment wp-att-1416\"><img loading=\"lazy\" decoding=\"async\" class=\"size-thumbnail wp-image-1416\" src=\"http:\/\/www.blazejstrba.eu\/wp-content\/uploads\/Intronizacia-Biblie-m-150x150.jpg\" alt=\"Introniz\u00e1cia Biblie\" width=\"150\" height=\"150\" \/><\/a><figcaption id=\"caption-attachment-1416\" class=\"wp-caption-text\">Introniz\u00e1cia Sv\u00e4t\u00e9ho p\u00edsma<\/figcaption><\/figure>\n<p>V\u00a0pondelok a\u00a0utorok 30. \u2013 31. m\u00e1ja 2016 sa v\u00a0K\u0148azskom semin\u00e1ri sv. Franti\u0161ka Xaversk\u00e9ho konali \u0161t\u00e1tne sk\u00fa\u0161ky \u0161tudentov R\u00edmskokatol\u00edckej cyrilometodskej bohosloveckej fakulty UK \u2013 Teologick\u00e9ho in\u0161tit\u00fatu v\u00a0Bad\u00edne. Traja \u0161tudenti externej formy a\u00a0\u00f4smi \u0161tudenti dennej formy absolvovali sk\u00fa\u0161ku pod\u013ea pravidiel nov\u00e9ho akreditovan\u00e9ho \u0161tudijn\u00e9ho programu katol\u00edckej teol\u00f3gie, ke\u010f okrem dvoch povinn\u00fdch\u00a0predmetov dogmatick\u00e1 teol\u00f3gia a mor\u00e1lna teol\u00f3gia si vybrali e\u0161te jeden zo skupiny povinne volite\u013en\u00fdch predmetov: biblick\u00e9 vedy, <!--more-->pastor\u00e1lna teol\u00f3gia, k\u00e1nonick\u00e9 pr\u00e1vo a cirkevn\u00e9 dejiny. V\u0161etci \u0161tudenti nakoniec \u00faspe\u0161ne absolvovali sk\u00fa\u0161ku a\u00a0z\u00edskali titul Mgr.<\/p>\n<p>V\u00fdznam zaradenia \u0161t\u00e1tnej sk\u00fa\u0161ky z <em>biblick\u00fdch vied<\/em> spo\u010d\u00edva v tom, \u017ee fakulta t\u00fdm nap\u013a\u0148a aj opakovan\u00e9 u\u010denie II.\u00a0vatik\u00e1nskeho koncilu o\u00a0Biblii ako \u201edu\u0161i teol\u00f3gie\u201c. Za tieto progres\u00edvne zmeny v\u00a0\u0161t\u00e1tnych sk\u00fa\u0161kach z\u00a0katol\u00edckej teol\u00f3gie patr\u00ed vedeniu fakulty a\u00a0v\u0161etk\u00fdm zainteresovan\u00fdm vrel\u00e1 v\u010faka.<\/p>\n<p>\u0160t\u00e1tna sk\u00fa\u0161ka z\u00a0biblick\u00fdch vied sa konala prv\u00fdkr\u00e1t v takmer 80-ro\u010dnej hist\u00f3rii fakulty. Stoj\u00ed za zmienku, \u017ee je to\u00a022 rokov od smrti <strong>prof. Jozefa B\u00fadu<\/strong>, banskobystrick\u00e9ho k\u0148aza, ktor\u00fd p\u00f4sobil na fakulte od jej vzniku v\u00a0roku 1936 a venoval sa vyu\u010dovaniu biblick\u00fdch vied. Okrem toho p\u00f4sobil aj ako rektor K\u0148azsk\u00e9ho semin\u00e1ra v\u00a0Banskej Bystrici a\u00a0po\u010das komunizmu bol 4 roky v\u00e4znen\u00fd. Patr\u00ed medzi v\u00fdznamn\u00fdch slovensk\u00fdch, ale aj svetov\u00fdch biblistov. Redakcia vedeck\u00e9ho \u010dasopisu <a href=\"http:\/\/biblica.sk\/\"><em>Studia Biblica Slovaca<\/em> <\/a>na jeho po\u010des\u0165 a pre podporu rozvoja biblick\u00fdch vied ude\u013euje ka\u017ed\u00e9 dva roky <a href=\"http:\/\/biblica.sk\/lang\/sk\/redakcia-stslbi-planuje-tradiciu-udelovania-ceny-jozefa-budu\/\"><strong><em>Cenu Jozefa B\u00fadu<\/em><\/strong><\/a> pr\u00e1ve autorom biblick\u00fdch \u0161t\u00fadi\u00ed, ktor\u00e9 sa v biblickom \u010dasopise StBiSl radia k najlep\u0161\u00edm.<\/p>\n<p style=\"text-align: right;\">Filp Gulai a Bla\u017eej \u0160trba<\/p>\n<p>&nbsp;<\/p>\n","protected":false},"excerpt":{"rendered":"<p>V\u00a0pondelok a\u00a0utorok 30. \u2013 31. m\u00e1ja 2016 sa v\u00a0K\u0148azskom semin\u00e1ri sv. Franti\u0161ka Xaversk\u00e9ho konali \u0161t\u00e1tne sk\u00fa\u0161ky \u0161tudentov R\u00edmskokatol\u00edckej cyrilometodskej bohosloveckej fakulty UK \u2013 Teologick\u00e9ho in\u0161tit\u00fatu v\u00a0Bad\u00edne. Traja \u0161tudenti externej formy a\u00a0\u00f4smi \u0161tudenti dennej formy absolvovali sk\u00fa\u0161ku pod\u013ea pravidiel nov\u00e9ho akreditovan\u00e9ho \u0161tudijn\u00e9ho programu katol\u00edckej teol\u00f3gie, ke\u010f okrem dvoch povinn\u00fdch\u00a0predmetov dogmatick\u00e1 teol\u00f3gia a mor\u00e1lna teol\u00f3gia si vybrali &hellip; <a href=\"https:\/\/blazejstrba.eu\/en\/statne-skusky-aj-z-biblickych-vied\/\" class=\"more-link\">Continue reading <span class=\"screen-reader-text\">\u0160t\u00e1tne sk\u00fa\u0161ky aj z biblick\u00fdch vied<\/span> <span class=\"meta-nav\">&rarr;<\/span><\/a><\/p>\n","protected":false},"author":2,"featured_media":0,"comment_status":"closed","ping_status":"open","sticky":false,"template":"","format":"standard","meta":{"footnotes":""},"categories":[5],"tags":[],"translation":{"provider":"WPGlobus","version":"3.0.0","language":"en","enabled_languages":["sk","en","it"],"languages":{"sk":{"title":true,"content":true,"excerpt":false},"en":{"title":false,"content":false,"excerpt":false},"it":{"title":false,"content":false,"excerpt":false}}},"_links":{"self":[{"href":"https:\/\/blazejstrba.eu\/en\/wp-json\/wp\/v2\/posts\/4389"}],"collection":[{"href":"https:\/\/blazejstrba.eu\/en\/wp-json\/wp\/v2\/posts"}],"about":[{"href":"https:\/\/blazejstrba.eu\/en\/wp-json\/wp\/v2\/types\/post"}],"author":[{"embeddable":true,"href":"https:\/\/blazejstrba.eu\/en\/wp-json\/wp\/v2\/users\/2"}],"replies":[{"embeddable":true,"href":"https:\/\/blazejstrba.eu\/en\/wp-json\/wp\/v2\/comments?post=4389"}],"version-history":[{"count":2,"href":"https:\/\/blazejstrba.eu\/en\/wp-json\/wp\/v2\/posts\/4389\/revisions"}],"predecessor-version":[{"id":4391,"href":"https:\/\/blazejstrba.eu\/en\/wp-json\/wp\/v2\/posts\/4389\/revisions\/4391"}],"wp:attachment":[{"href":"https:\/\/blazejstrba.eu\/en\/wp-json\/wp\/v2\/media?parent=4389"}],"wp:term":[{"taxonomy":"category","embeddable":true,"href":"https:\/\/blazejstrba.eu\/en\/wp-json\/wp\/v2\/categories?post=4389"},{"taxonomy":"post_tag","embeddable":true,"href":"https:\/\/blazejstrba.eu\/en\/wp-json\/wp\/v2\/tags?post=4389"}],"curies":[{"name":"wp","href":"https:\/\/api.w.org\/{rel}","templated":true}]}}