{"id":2407,"date":"2012-04-05T20:42:56","date_gmt":"2012-04-05T18:42:56","guid":{"rendered":"http:\/\/www.blazejstrba.eu\/?p=2407"},"modified":"2012-04-07T16:56:15","modified_gmt":"2012-04-07T14:56:15","slug":"zmrtvychvstaly-pre-nas","status":"publish","type":"post","link":"https:\/\/blazejstrba.eu\/en\/zmrtvychvstaly-pre-nas\/","title":{"rendered":"Zm\u0155tvychvstal\u00fd pre n\u00e1s"},"content":{"rendered":"<figure id=\"attachment_2418\" aria-describedby=\"caption-attachment-2418\" style=\"width: 150px\" class=\"wp-caption alignleft\"><a href=\"http:\/\/www.blazejstrba.eu\/wp-content\/uploads\/Kristus-a-Adam-Rupnik-2006-Verona.jpg\"><img loading=\"lazy\" decoding=\"async\" class=\"size-thumbnail wp-image-2418\" title=\"Zm\u0155tvychvstal\u00fd Kristus a Adam (detail z mozaiky, Verona, 2006, Rupnik)\" src=\"http:\/\/www.blazejstrba.eu\/wp-content\/uploads\/Kristus-a-Adam-Rupnik-2006-Verona-150x150.jpg\" alt=\"\" width=\"150\" height=\"150\" \/><\/a><figcaption id=\"caption-attachment-2418\" class=\"wp-caption-text\">Zm\u0155tvychvstal\u00fd Kristus a Adam (Rupnik, 2006)<\/figcaption><\/figure>\n<h4 style=\"padding-left: 30px;\"><em>Smr\u0165 \u017eivotu up\u00edsal\u00a0<\/em><\/h4>\n<p>&nbsp;<\/p>\n<p>Vo ve\u010deradle s\u00a0u\u010den\u00edkmi<\/p>\n<p>za\u010d\u00edna P\u00c1N sl\u00e1venie<\/p>\n<p>Paschy, \u017ealmami nie\u00a0krikmi.<\/p>\n<p>Zav\u0155\u0161il Zmluvu, dal znamenie,<\/p>\n<p>\u017ee nie viac capmi a\u00a0b\u00fdkmi<\/p>\n<p>treba rie\u0161i\u0165 spasenie.<!--more--><\/p>\n<p>&nbsp;<\/p>\n<p>Ustanovil slov\u00e1 Zmluvy,<\/p>\n<p>l\u00e1skou svojou podp\u00edsal.<\/p>\n<p>Boh pri\u0161iel k\u00a0n\u00e1m na n\u00e1\u010duvy;<\/p>\n<p>\u010co nedobr\u00e9 uzdravil a\u00a0prep\u00edsal.<\/p>\n<p>Slu\u017ebou uistil slov\u00e1 vzpruhy<\/p>\n<p>a\u00a0smr\u0165 \u017eivotu up\u00edsal.<\/p>\n<p>&nbsp;<\/p>\n<figure id=\"attachment_2408\" aria-describedby=\"caption-attachment-2408\" style=\"width: 150px\" class=\"wp-caption alignright\"><a href=\"http:\/\/www.blazejstrba.eu\/wp-content\/uploads\/Giotto-Posledna-vecera.jpg\"><img loading=\"lazy\" decoding=\"async\" class=\"size-thumbnail wp-image-2408\" title=\"Giotto - Posledna vecera\" src=\"http:\/\/www.blazejstrba.eu\/wp-content\/uploads\/Giotto-Posledna-vecera-150x150.jpg\" alt=\"\" width=\"150\" height=\"150\" \/><\/a><figcaption id=\"caption-attachment-2408\" class=\"wp-caption-text\">Posledn\u00e1 ve\u010dera, detail (Giotto)<\/figcaption><\/figure>\n<p>Zatknut\u00fd pri modlitbe<\/p>\n<p>v\u00a0Getsemanskej z\u00e1hrade<\/p>\n<p>zanechal v\u00fdzvy dve<\/p>\n<p>pri ka\u017edom slnka z\u00e1pade:<\/p>\n<p>Bdejte vonku \u010di v\u00a0izbe!<\/p>\n<p>Modlite sa v\u00a0ka\u017edej n\u00e1lade!<\/p>\n<p>&nbsp;<\/p>\n<p>Kalv\u00e1ria opusten\u00e1, \u00a0<\/p>\n<p>ostali len dvaja lotri.<\/p>\n<p>Niet Petra, vec vybaven\u00e1.<\/p>\n<p>Pri hrobe \u017eeny sved\u010dia tri.<\/p>\n<p>&nbsp;<\/p>\n<p>Kto by nebol pri pohrebe<\/p>\n<p>Ke\u010f milovan\u00fd umrel.<\/p>\n<p>Len ten slab\u00fd pri pahrebe,<\/p>\n<p>nevie \u010do \u010dil. U\u017e zm\u00fadrel?<\/p>\n<p>&nbsp;<\/p>\n<h4><em>Biela sobota<\/em><\/h4>\n<p>&nbsp;<\/p>\n<p>Dnes je ticho i\u00a0pri hrobe.<\/p>\n<p>Ne\u010du\u0165 kv\u00edlenie bl\u00edzkych.<\/p>\n<p>\u010clovek v nap\u00e4t\u00ed, s\u0165a na skobe,<\/p>\n<p>vis\u00ed v\u00a0tme, na v\u00fdstup nem\u00e1 l\u00edstky.<\/p>\n<p>&nbsp;<\/p>\n<p>Ticho. Boh nesp\u00ed. Nevrav\u00ed.<\/p>\n<p>V\u00a0sobotu vo\u0161iel k\u00a0duchom.<\/p>\n<p>Im hl\u00e1sa. S\u00fa prv\u00ed koho uzdrav\u00ed.<\/p>\n<p>T\u00e1 z\u00e1chrana sa nesie vzduchom.<\/p>\n<p>&nbsp;<\/p>\n<p>\u013dudia t\u00fa\u017eia po\u010du\u0165 jeho Slovo.<\/p>\n<p>Bo sm\u00fatia za bl\u00edzkymi; bolestia.<\/p>\n<p>Put\u00e1 hriechu, nepr\u00e1vosti, zlov\u00f4\u013e,<\/p>\n<p>dr\u017eia ich, za hradbami predmestia.<\/p>\n<p>&nbsp;<\/p>\n<p>I tam zost\u00fapil do podsvetia.<\/p>\n<p>On spiacich vzbudil k\u00a0\u017eivotu.<\/p>\n<p>Rozl\u00e1mal okovy, \u010do zlo sv\u00e4tia.<\/p>\n<p>Daroval Bo\u017e\u00ed \u017eivot a\u00a0odkryl Dobrotu.<\/p>\n<p>&nbsp;<\/p>\n<h4><em>Svetlo Z\u00e1chrany<\/em><\/h4>\n<p>&nbsp;<\/p>\n<p>Nekone\u010dn\u00fd ve\u010der sadal,<\/p>\n<p>ke\u010f Izrael pred morom st\u00e1l.<\/p>\n<p>Vypla\u0161en\u00fd v prach tam padal<\/p>\n<p>zozadu fara\u00f3n vojsko hnal.<\/p>\n<p>&nbsp;<\/p>\n<p>More vysu\u0161ila Bo\u017eia sila<\/p>\n<p>a Bo\u017e\u00ed sluha viedol \u013eud<\/p>\n<p>Z\u00e1zrak \u2013 nastala ich chv\u00ed\u013ea \u2013<\/p>\n<p>zhodi\u0165 otroctvo, hriech i blud.<\/p>\n<p>&nbsp;<\/p>\n<p>P\u00c1N mocn\u00fd osl\u00e1vil sa,<\/p>\n<p>ke\u010f Izrael pre\u0161iel morom.<\/p>\n<p>Nepriate\u013e s\u00e1m ponoril sa,<\/p>\n<p>\u017ee st\u00edhal Bo\u017e\u00ed \u013eud vzdorom.<\/p>\n<p>&nbsp;<\/p>\n<p>Kristus n\u00e1\u0161 osl\u00e1vil sa,<\/p>\n<p>ke\u010f vydal sa \u010dloveku.<\/p>\n<p>Jeho pl\u00e1n vydaril sa,<\/p>\n<p>zachr\u00e1nil n\u00e1s od zloveku.<\/p>\n<p>&nbsp;<\/p>\n<p>Peter u\u017e nemus\u00ed do vody sk\u00e1ka\u0165,<\/p>\n<p>Kleof\u00e1\u0161 nech naberie n\u00e1dej.<\/p>\n<p>Magdal\u00e9ne netreba pri hrobe plaka\u0165<\/p>\n<p>ohl\u00e1si\u0165 m\u00e1, \u017ee \u017eivot kr\u00e1sny m\u00e1 dej.<\/p>\n<p>&nbsp;<\/p>\n<p>Chv\u00e1\u013eme P\u00e1na \u2013 z m\u0155tvych vstal.<\/p>\n<p>Svetlo Z\u00e1chrany za\u017eal v\u0161etk\u00fdm.<\/p>\n<p>Aleluja \u2013 smr\u0165 \u017eivotu up\u00edsal<\/p>\n<p>a\u00a0\u017eivot daroval n\u00e1m krehk\u00fdm.<\/p>\n<p>Aleluja \u2013 chv\u00e1\u013eme Boha!<\/p>\n<p><em><strong>D\u00faha Ducha<\/strong> nech V\u00e1m je znak ve\u013ek\u00fd.<\/em><\/p>\n<p>&nbsp;<\/p>\n","protected":false},"excerpt":{"rendered":"<p>Smr\u0165 \u017eivotu up\u00edsal\u00a0 &nbsp; Vo ve\u010deradle s\u00a0u\u010den\u00edkmi za\u010d\u00edna P\u00c1N sl\u00e1venie Paschy, \u017ealmami nie\u00a0krikmi. Zav\u0155\u0161il Zmluvu, dal znamenie, \u017ee nie viac capmi a\u00a0b\u00fdkmi treba rie\u0161i\u0165 spasenie.<\/p>\n","protected":false},"author":2,"featured_media":0,"comment_status":"closed","ping_status":"open","sticky":false,"template":"","format":"standard","meta":{"footnotes":""},"categories":[5],"tags":[],"translation":{"provider":"WPGlobus","version":"3.0.0","language":"en","enabled_languages":["sk","en","it"],"languages":{"sk":{"title":true,"content":true,"excerpt":false},"en":{"title":false,"content":false,"excerpt":false},"it":{"title":false,"content":false,"excerpt":false}}},"_links":{"self":[{"href":"https:\/\/blazejstrba.eu\/en\/wp-json\/wp\/v2\/posts\/2407"}],"collection":[{"href":"https:\/\/blazejstrba.eu\/en\/wp-json\/wp\/v2\/posts"}],"about":[{"href":"https:\/\/blazejstrba.eu\/en\/wp-json\/wp\/v2\/types\/post"}],"author":[{"embeddable":true,"href":"https:\/\/blazejstrba.eu\/en\/wp-json\/wp\/v2\/users\/2"}],"replies":[{"embeddable":true,"href":"https:\/\/blazejstrba.eu\/en\/wp-json\/wp\/v2\/comments?post=2407"}],"version-history":[{"count":19,"href":"https:\/\/blazejstrba.eu\/en\/wp-json\/wp\/v2\/posts\/2407\/revisions"}],"predecessor-version":[{"id":2410,"href":"https:\/\/blazejstrba.eu\/en\/wp-json\/wp\/v2\/posts\/2407\/revisions\/2410"}],"wp:attachment":[{"href":"https:\/\/blazejstrba.eu\/en\/wp-json\/wp\/v2\/media?parent=2407"}],"wp:term":[{"taxonomy":"category","embeddable":true,"href":"https:\/\/blazejstrba.eu\/en\/wp-json\/wp\/v2\/categories?post=2407"},{"taxonomy":"post_tag","embeddable":true,"href":"https:\/\/blazejstrba.eu\/en\/wp-json\/wp\/v2\/tags?post=2407"}],"curies":[{"name":"wp","href":"https:\/\/api.w.org\/{rel}","templated":true}]}}