{"id":1875,"date":"2011-10-14T15:12:40","date_gmt":"2011-10-14T13:12:40","guid":{"rendered":"http:\/\/www.blazejstrba.eu\/?p=1875"},"modified":"2011-11-08T23:14:17","modified_gmt":"2011-11-08T21:14:17","slug":"1875","status":"publish","type":"post","link":"https:\/\/blazejstrba.eu\/en\/1875\/","title":{"rendered":"Verbum Domini u junioriek OSF"},"content":{"rendered":"<figure id=\"attachment_1876\" aria-describedby=\"caption-attachment-1876\" style=\"width: 150px\" class=\"wp-caption alignleft\"><a href=\"http:\/\/www.blazejstrba.eu\/wp-content\/uploads\/VD-PAPEZ.png\"><img loading=\"lazy\" decoding=\"async\" class=\"size-thumbnail wp-image-1876\" title=\"Benedikt XVI.\" src=\"http:\/\/www.blazejstrba.eu\/wp-content\/uploads\/VD-PAPEZ-150x150.png\" alt=\"\" width=\"150\" height=\"150\" \/><\/a><figcaption id=\"caption-attachment-1876\" class=\"wp-caption-text\">P\u00e1pe\u017e Benedikt XVI.<\/figcaption><\/figure>\n<p>Kongreg\u00e1cia <strong><em>\u0160kolsk\u00fdch sestier sv. Franti\u0161ka Assisk\u00e9ho<\/em><\/strong> mala v d\u0148och 21.-23. okt\u00f3bra 2011 celoslovensk\u00e9 stretnutie junioriek. Stretnutie sa uskuto\u010dnilo v Kl\u00e1\u0161tore kapuc\u00ednov na Kremnick\u00fdch Baniach. Spolo\u010dn\u00fd forma\u010dn\u00fd v\u00edkend bol zameran\u00fd na uz\u00e1very z provinci\u00e1lnej a gener\u00e1lnej kapituly, na medzin\u00e1rodnos\u0165 kongreg\u00e1cie.<\/p>\n<p>V sobotu 22.10. sa juniorky popoludn\u00ed od 16.00 hod &#8211; 18.15 hod venovali\u00a0 <em><\/em><em>predstaveniu\u00a0<\/em> Posynod\u00e1lnej apo\u0161tolskej exhort\u00e1cie P\u00e1pe\u017ea XVI. <strong><em>Verbum Domini<\/em><\/strong> (<a href=\"http:\/\/www.blazejstrba.eu\/?file_id=67\">powerpointov\u00e1 prezent\u00e1cia<\/a>).<\/p>\n","protected":false},"excerpt":{"rendered":"<p>Kongreg\u00e1cia \u0160kolsk\u00fdch sestier sv. Franti\u0161ka Assisk\u00e9ho mala v d\u0148och 21.-23. okt\u00f3bra 2011 celoslovensk\u00e9 stretnutie junioriek. Stretnutie sa uskuto\u010dnilo v Kl\u00e1\u0161tore kapuc\u00ednov na Kremnick\u00fdch Baniach. Spolo\u010dn\u00fd forma\u010dn\u00fd v\u00edkend bol zameran\u00fd na uz\u00e1very z provinci\u00e1lnej a gener\u00e1lnej kapituly, na medzin\u00e1rodnos\u0165 kongreg\u00e1cie. V sobotu 22.10. sa juniorky popoludn\u00ed od 16.00 hod &#8211; 18.15 hod venovali\u00a0 predstaveniu\u00a0 Posynod\u00e1lnej apo\u0161tolskej &hellip; <a href=\"https:\/\/blazejstrba.eu\/en\/1875\/\" class=\"more-link\">Continue reading <span class=\"screen-reader-text\">Verbum Domini u junioriek OSF<\/span> <span class=\"meta-nav\">&rarr;<\/span><\/a><\/p>\n","protected":false},"author":2,"featured_media":0,"comment_status":"closed","ping_status":"open","sticky":false,"template":"","format":"standard","meta":{"footnotes":""},"categories":[5],"tags":[],"translation":{"provider":"WPGlobus","version":"3.0.0","language":"en","enabled_languages":["sk","en","it"],"languages":{"sk":{"title":true,"content":true,"excerpt":false},"en":{"title":false,"content":false,"excerpt":false},"it":{"title":false,"content":false,"excerpt":false}}},"_links":{"self":[{"href":"https:\/\/blazejstrba.eu\/en\/wp-json\/wp\/v2\/posts\/1875"}],"collection":[{"href":"https:\/\/blazejstrba.eu\/en\/wp-json\/wp\/v2\/posts"}],"about":[{"href":"https:\/\/blazejstrba.eu\/en\/wp-json\/wp\/v2\/types\/post"}],"author":[{"embeddable":true,"href":"https:\/\/blazejstrba.eu\/en\/wp-json\/wp\/v2\/users\/2"}],"replies":[{"embeddable":true,"href":"https:\/\/blazejstrba.eu\/en\/wp-json\/wp\/v2\/comments?post=1875"}],"version-history":[{"count":16,"href":"https:\/\/blazejstrba.eu\/en\/wp-json\/wp\/v2\/posts\/1875\/revisions"}],"predecessor-version":[{"id":1879,"href":"https:\/\/blazejstrba.eu\/en\/wp-json\/wp\/v2\/posts\/1875\/revisions\/1879"}],"wp:attachment":[{"href":"https:\/\/blazejstrba.eu\/en\/wp-json\/wp\/v2\/media?parent=1875"}],"wp:term":[{"taxonomy":"category","embeddable":true,"href":"https:\/\/blazejstrba.eu\/en\/wp-json\/wp\/v2\/categories?post=1875"},{"taxonomy":"post_tag","embeddable":true,"href":"https:\/\/blazejstrba.eu\/en\/wp-json\/wp\/v2\/tags?post=1875"}],"curies":[{"name":"wp","href":"https:\/\/api.w.org\/{rel}","templated":true}]}}