{"id":1612,"date":"2011-07-05T13:41:07","date_gmt":"2011-07-05T11:41:07","guid":{"rendered":"http:\/\/www.blazejstrba.eu\/?p=1612"},"modified":"2011-11-08T23:15:50","modified_gmt":"2011-11-08T21:15:50","slug":"laici-a-leviti-osf-a-kniha-levitikus","status":"publish","type":"post","link":"https:\/\/blazejstrba.eu\/en\/laici-a-leviti-osf-a-kniha-levitikus\/","title":{"rendered":"Prof\u00e1nne a sv\u00e4t\u00e9 pod\u013ea Knihy Levitikus pre OFS"},"content":{"rendered":"<figure id=\"attachment_1616\" aria-describedby=\"caption-attachment-1616\" style=\"width: 150px\" class=\"wp-caption alignleft\"><a href=\"http:\/\/www.blazejstrba.eu\/wp-content\/uploads\/K%C5%88az-prij%C3%ADma-malomocneho.jpg\"><img loading=\"lazy\" decoding=\"async\" class=\"size-thumbnail wp-image-1616\" title=\"K\u0148az prij\u00edma malomocn\u00e9ho\" src=\"http:\/\/www.blazejstrba.eu\/wp-content\/uploads\/K%C5%88az-prij%C3%ADma-malomocneho-150x150.jpg\" alt=\"\" width=\"150\" height=\"150\" \/><\/a><figcaption id=\"caption-attachment-1616\" class=\"wp-caption-text\">Uzdraven\u00fd malomocn\u00fd<\/figcaption><\/figure>\n<p><a href=\"http:\/\/www.assisi.sk\">Svetsk\u00ed franti\u0161k\u00e1ni<\/a> miestneho bratstva Zvolen sa stretli v sobotu<span style=\"color: #ff0000;\"> <strong>16. j\u00fala 2011 <\/strong><\/span>s ostatn\u00fdmi bratmi a sestrami Franti\u0161k\u00e1nskeho svetsk\u00e9ho r\u00e1du (OFS) zo stredoslovensk\u00e9ho a ma\u010farsk\u00e9ho regi\u00f3nu na <span style=\"color: #993300;\"><strong>Raticovom Vrchu<\/strong><\/span> (Kostol Panny M\u00e1rie F\u00e1timskej; farnos\u0165 Hri\u0148ov\u00e1), v Kapuc\u00ednskom <em>Kl\u00e1\u0161tore anjelov str\u00e1\u017enych<\/em>.<\/p>\n<p>Stretnutie bolo \u010fal\u0161\u00edm ohnivkom re\u0165aze trojro\u010dnej biblickej obnovy s n\u00e1zvom \u201eVytv\u00e1ra\u0165 spolo\u010denstvo nad Bo\u017e\u00edm slovom.\u201c<\/p>\n<p>Stretnutie za\u010dalo o <span style=\"color: #800000;\"><strong>10,30 hod<\/strong><\/span>. v priestoroch kl\u00e1\u0161tora. Predn\u00e1\u0161ka, ktor\u00e1 za\u010dala o 11.00 hod, mala n\u00e1zov <strong><em>Prof\u00e1nne a sv\u00e4t\u00e9 pod\u013ea Knihy Levitikus<\/em><\/strong> (<a href=\"http:\/\/www.blazejstrba.eu\/?file_id=60\">prezent\u00e1cia predn\u00e1\u0161ky<\/a>). Bola zameran\u00e1 na rovnomenn\u00fa biblick\u00fa Knihu Levitikus a pojedn\u00e1vala najm\u00e4 obsah, \u0161trukt\u00faru a niektor\u00e9 d\u00f4le\u017eit\u00e9 t\u00e9my knihy ako sv\u00e4tos\u0165 a \u010distota. S kr\u00e1tkou prest\u00e1vkou sa skon\u010dila o 14.00 hod. Dobr\u00e1 kapustovka chutilav\u0161etk\u00fdm pri jednom stole.<\/p>\n","protected":false},"excerpt":{"rendered":"<p>Svetsk\u00ed franti\u0161k\u00e1ni miestneho bratstva Zvolen sa stretli v sobotu 16. j\u00fala 2011 s ostatn\u00fdmi bratmi a sestrami Franti\u0161k\u00e1nskeho svetsk\u00e9ho r\u00e1du (OFS) zo stredoslovensk\u00e9ho a ma\u010farsk\u00e9ho regi\u00f3nu na Raticovom Vrchu (Kostol Panny M\u00e1rie F\u00e1timskej; farnos\u0165 Hri\u0148ov\u00e1), v Kapuc\u00ednskom Kl\u00e1\u0161tore anjelov str\u00e1\u017enych. Stretnutie bolo \u010fal\u0161\u00edm ohnivkom re\u0165aze trojro\u010dnej biblickej obnovy s n\u00e1zvom \u201eVytv\u00e1ra\u0165 spolo\u010denstvo nad Bo\u017e\u00edm slovom.\u201c &hellip; <a href=\"https:\/\/blazejstrba.eu\/en\/laici-a-leviti-osf-a-kniha-levitikus\/\" class=\"more-link\">Continue reading <span class=\"screen-reader-text\">Prof\u00e1nne a sv\u00e4t\u00e9 pod\u013ea Knihy Levitikus pre OFS<\/span> <span class=\"meta-nav\">&rarr;<\/span><\/a><\/p>\n","protected":false},"author":2,"featured_media":0,"comment_status":"closed","ping_status":"open","sticky":false,"template":"","format":"standard","meta":{"footnotes":""},"categories":[5],"tags":[],"translation":{"provider":"WPGlobus","version":"3.0.0","language":"en","enabled_languages":["sk","en","it"],"languages":{"sk":{"title":true,"content":true,"excerpt":false},"en":{"title":false,"content":false,"excerpt":false},"it":{"title":false,"content":false,"excerpt":false}}},"_links":{"self":[{"href":"https:\/\/blazejstrba.eu\/en\/wp-json\/wp\/v2\/posts\/1612"}],"collection":[{"href":"https:\/\/blazejstrba.eu\/en\/wp-json\/wp\/v2\/posts"}],"about":[{"href":"https:\/\/blazejstrba.eu\/en\/wp-json\/wp\/v2\/types\/post"}],"author":[{"embeddable":true,"href":"https:\/\/blazejstrba.eu\/en\/wp-json\/wp\/v2\/users\/2"}],"replies":[{"embeddable":true,"href":"https:\/\/blazejstrba.eu\/en\/wp-json\/wp\/v2\/comments?post=1612"}],"version-history":[{"count":26,"href":"https:\/\/blazejstrba.eu\/en\/wp-json\/wp\/v2\/posts\/1612\/revisions"}],"predecessor-version":[{"id":2001,"href":"https:\/\/blazejstrba.eu\/en\/wp-json\/wp\/v2\/posts\/1612\/revisions\/2001"}],"wp:attachment":[{"href":"https:\/\/blazejstrba.eu\/en\/wp-json\/wp\/v2\/media?parent=1612"}],"wp:term":[{"taxonomy":"category","embeddable":true,"href":"https:\/\/blazejstrba.eu\/en\/wp-json\/wp\/v2\/categories?post=1612"},{"taxonomy":"post_tag","embeddable":true,"href":"https:\/\/blazejstrba.eu\/en\/wp-json\/wp\/v2\/tags?post=1612"}],"curies":[{"name":"wp","href":"https:\/\/api.w.org\/{rel}","templated":true}]}}