{"id":1207,"date":"2011-02-16T07:42:35","date_gmt":"2011-02-16T05:42:35","guid":{"rendered":"http:\/\/www.blazejstrba.eu\/?p=1207"},"modified":"2011-11-08T23:22:31","modified_gmt":"2011-11-08T21:22:31","slug":"z-22-boze-moj-preco-si-ma-opustil","status":"publish","type":"post","link":"https:\/\/blazejstrba.eu\/en\/z-22-boze-moj-preco-si-ma-opustil\/","title":{"rendered":"\u017d 22 &#8211; Bo\u017ee m\u00f4j, pre\u010do si ma opustil"},"content":{"rendered":"<p><a href=\"http:\/\/www.blazejstrba.eu\/wp-content\/uploads\/Kl\u00e1\u0161tor-Premenenia-P\u00e1na-Sampor.jpg\"><img loading=\"lazy\" decoding=\"async\" class=\"alignleft size-thumbnail wp-image-617\" title=\"Kl\u00e1\u0161tor Premenenia P\u00e1na - Sampor\" src=\"http:\/\/www.blazejstrba.eu\/wp-content\/uploads\/Kl\u00e1\u0161tor-Premenenia-P\u00e1na-Sampor-150x150.jpg\" alt=\"\" width=\"150\" height=\"150\" \/><\/a>V pondelok <strong>21. febru\u00e1ra 2011 <\/strong>benedikt\u00edni\u00a0 <strong>Kl\u00e1\u0161tora        Premenenia P\u00e1na <\/strong>v  dedinke Sampor zah\u00e1jili druh\u00fa \u010das\u0165 s\u00e9rie PSSP (Pondel\u0148aj\u0161\u00edch stretnut\u00ed nad Sv\u00e4t\u00fdm P\u00edsmom). Prv\u00e9 stretnutie v tomto roku bude venovan\u00e9\u00a0 <strong>\u017dalmu 22 <\/strong>(text  \u017ealmu), zn\u00e1mom cez Je\u017ei\u0161ovu modlitbu na kr\u00ed\u017ei &#8220;<strong>Bo\u017ee m\u00f4j, Bo\u017ee m\u00f4j, pre\u010do si ma opustil<\/strong>&#8221;<\/p>\n<p>Benedikt\u00edni uv\u00edtaj\u00fa&#8230;<img decoding=\"async\" title=\"\u010c\u00edtajte \u010falej...\" src=\"http:\/\/www.blazejstrba.eu\/wp-includes\/js\/tinymce\/plugins\/wordpress\/img\/trans.gif\" alt=\"\" \/><img decoding=\"async\" title=\"\u010c\u00edtajte \u010falej...\" src=\"http:\/\/www.blazejstrba.eu\/wp-includes\/js\/tinymce\/plugins\/wordpress\/img\/trans.gif\" alt=\"\" \/> <!--more-->v\u0161etk\u00fdch z\u00e1ujemcov o  \u017dalmy a ich v\u00fdklad na spolo\u010dn\u00e9 pokra\u010dovanie v ich trad\u00edcii.<\/p>\n<p>Ka\u017ed\u00e9   stretnutie sa  za\u010d\u00edna <strong>o  19.00 hod.<\/strong> modlitbou \u2013  lekt\u00farou   pr\u00edslu\u0161n\u00e9ho  \u017ealmu. Potom  nasleduje  podstatn\u00e1  \u010das\u0165  stretnutia \u2013  predn\u00e1\u0161ka, ktor\u00e1 je  v\u00fdkladom  \u017ealmu.\u00a0  Predn\u00e1\u0161kov\u00e1  \u010das\u0165  stretnutia, ktor\u00e9 obohaten\u00e9 aj o diskusiu, sa   skon\u010d\u00ed o 20.00 hod.  Po  nej mn\u00edsi, spolu  s  \u00fa\u010dastn\u00edkmi, uzatv\u00e1raj\u00fa   biblick\u00e9 stretnutie   modlitbou komplet\u00f3ria.<\/p>\n","protected":false},"excerpt":{"rendered":"<p>V pondelok 21. febru\u00e1ra 2011 benedikt\u00edni\u00a0 Kl\u00e1\u0161tora Premenenia P\u00e1na v dedinke Sampor zah\u00e1jili druh\u00fa \u010das\u0165 s\u00e9rie PSSP (Pondel\u0148aj\u0161\u00edch stretnut\u00ed nad Sv\u00e4t\u00fdm P\u00edsmom). Prv\u00e9 stretnutie v tomto roku bude venovan\u00e9\u00a0 \u017dalmu 22 (text \u017ealmu), zn\u00e1mom cez Je\u017ei\u0161ovu modlitbu na kr\u00ed\u017ei &#8220;Bo\u017ee m\u00f4j, Bo\u017ee m\u00f4j, pre\u010do si ma opustil&#8221; Benedikt\u00edni uv\u00edtaj\u00fa&#8230;<\/p>\n","protected":false},"author":2,"featured_media":0,"comment_status":"closed","ping_status":"open","sticky":false,"template":"","format":"standard","meta":{"footnotes":""},"categories":[5],"tags":[],"translation":{"provider":"WPGlobus","version":"3.0.0","language":"en","enabled_languages":["sk","en","it"],"languages":{"sk":{"title":true,"content":true,"excerpt":false},"en":{"title":false,"content":false,"excerpt":false},"it":{"title":false,"content":false,"excerpt":false}}},"_links":{"self":[{"href":"https:\/\/blazejstrba.eu\/en\/wp-json\/wp\/v2\/posts\/1207"}],"collection":[{"href":"https:\/\/blazejstrba.eu\/en\/wp-json\/wp\/v2\/posts"}],"about":[{"href":"https:\/\/blazejstrba.eu\/en\/wp-json\/wp\/v2\/types\/post"}],"author":[{"embeddable":true,"href":"https:\/\/blazejstrba.eu\/en\/wp-json\/wp\/v2\/users\/2"}],"replies":[{"embeddable":true,"href":"https:\/\/blazejstrba.eu\/en\/wp-json\/wp\/v2\/comments?post=1207"}],"version-history":[{"count":6,"href":"https:\/\/blazejstrba.eu\/en\/wp-json\/wp\/v2\/posts\/1207\/revisions"}],"predecessor-version":[{"id":2025,"href":"https:\/\/blazejstrba.eu\/en\/wp-json\/wp\/v2\/posts\/1207\/revisions\/2025"}],"wp:attachment":[{"href":"https:\/\/blazejstrba.eu\/en\/wp-json\/wp\/v2\/media?parent=1207"}],"wp:term":[{"taxonomy":"category","embeddable":true,"href":"https:\/\/blazejstrba.eu\/en\/wp-json\/wp\/v2\/categories?post=1207"},{"taxonomy":"post_tag","embeddable":true,"href":"https:\/\/blazejstrba.eu\/en\/wp-json\/wp\/v2\/tags?post=1207"}],"curies":[{"name":"wp","href":"https:\/\/api.w.org\/{rel}","templated":true}]}}